{"id":1608,"date":"2023-11-17T13:09:50","date_gmt":"2023-11-17T16:09:50","guid":{"rendered":"https:\/\/diarioparanaense.com\/?p=1608"},"modified":"2023-11-17T13:09:50","modified_gmt":"2023-11-17T16:09:50","slug":"ativista-participa-de-programacao-voltada-para-causas-raciais","status":"publish","type":"post","link":"https:\/\/diarioparanaense.com\/?p=1608","title":{"rendered":"Ativista participa de programa\u00e7\u00e3o voltada para causas raciais"},"content":{"rendered":"\n<p class=\"has-medium-font-size\">Jornalista, influenciador digital e ativista Felipe Ruffino participar\u00e1 de sequ\u00eancia de eventos relaciona ao m\u00eas da Consci\u00eancia Negra<\/p>\n\n\n\n<p>O m\u00eas de novembro \u00e9 o per\u00edodo onde se eleva os assuntos relacionados ao tema de cunho racial. Por conta disso, Felipe Ruffino, 29, jornalista, influenciador digital e ativista racial, participar\u00e1 de uma s\u00e9rie de eventos que abordam o assunto.<\/p>\n\n\n\n<p>Do dia 18 ao dia 20, ele estar\u00e1 presente na III Expo Internacional Dia da Consci\u00eancia Negra. O festival antirracista da cidade de S\u00e3o Paulo reunir\u00e1 artistas negros de destaque, al\u00e9m de palestras e debates e feira de afroempreendedores. Al\u00e9m de diversas atividades abertas \u00e0 popula\u00e7\u00e3o entre os dias 18 e 21 no Memorial da Am\u00e9rica Latina. \u201cEsse ser\u00e1 o start da programa\u00e7\u00e3o voltada para um momento t\u00e3o importante. Que \u00e9 evidenciar a exist\u00eancia do povo preto\u201d, comenta.<\/p>\n\n\n\n<p>No dia 21, Ruffino estar\u00e1 ao vivo na R\u00e1dio Metropolitana AM, \u00e0s 7h, com a jornalista Marilei Schiavi, para falar sobre o tema e recebimento da Medalha Zumbi dos Palmares.<\/p>\n\n\n\n<p>\u00c0s 19h, o mesmo marcar\u00e1 presen\u00e7a na C\u00e2mara Municipal de Mogi das Cruzes, para receber a homenagem, com mais nove pessoas escolhidas para receberem a medalha.<\/p>\n\n\n\n<p>Essa condecora\u00e7\u00e3o \u00e9 concedida a personalidades, empresas e organiza\u00e7\u00f5es que se destacam na defesa dos direitos humanos, promo\u00e7\u00e3o da igualdade racial e luta contra o preconceito e que se destacaram em a\u00e7\u00f5es contra a discrimina\u00e7\u00e3o racial e na defesa dos princ\u00edpios constitucionais fundamentais e de promo\u00e7\u00e3o da inclus\u00e3o social sem preconceito, nas \u00e1reas de esporte, educa\u00e7\u00e3o, cultura, sa\u00fade, assistencial, empresarial e sindical.<\/p>\n\n\n\n<p>\u201cNo Brasil, ser negro significa ser mais pobre do que o branco, ter menos escolaridade, receber sal\u00e1rio menor, ser mais rejeitado pelo mercado de trabalho e ter menos oportunidades de ascens\u00e3o profissional e social. Hoje entendo que meu papel \u00e9 ser porta voz de muitas pessoas pretas que ainda n\u00e3o possuem oportunidade e s\u00e3o oprimidas\u201d.<\/p>\n\n\n\n<p>A escolha de Ruffino para receber essa honraria partiu de uma indica\u00e7\u00e3o do vereador Milton Lins, o Bi G\u00eameos (PSD) e \u00e9 uma forma de reconhecer seu importante trabalho em prol da inclus\u00e3o e representatividade.<\/p>\n\n\n\n<p>CARREIRA<br>Com uma carreira consolidada no jornalismo, Felipe Ruffino se tornou um nome reconhecido pela sua atua\u00e7\u00e3o ativa na conscientiza\u00e7\u00e3o sobre temas sociais, especialmente relacionados \u00e0 causa racial. Atrav\u00e9s de suas redes sociais e canais de comunica\u00e7\u00e3o, ele utiliza sua voz junto aos mais de 15 mil seguidores para levantar quest\u00f5es importantes e propor reflex\u00f5es, abordando desde a hist\u00f3ria da luta contra o racismo at\u00e9 a import\u00e2ncia da valoriza\u00e7\u00e3o da diversidade nas mais diversas \u00e1reas.<\/p>\n\n\n\n<p class=\"has-medium-font-size\">SOBRE FELIPE RUFFINO<\/p>\n\n\n\n<p>Felipe Ruffino \u00e9 jornalista p\u00f3s-graduando em Assessoria de Imprensa e Gest\u00e3o da Comunica\u00e7\u00e3o pela Anhembi Morumbi. Com onze anos de experi\u00eancia, possui cursos de extens\u00e3o em gest\u00e3o de crise, assessoria de imprensa, marketing digital, planejamento de conte\u00fado para marcas e Rela\u00e7\u00f5es P\u00fablicas.<\/p>\n\n\n\n<p>Tem experi\u00eancia em assessoria de imprensa; comunica\u00e7\u00e3o interna; conte\u00fado para marca; marketing de conte\u00fado; social media; planejamento estrat\u00e9gico; gerenciamento de crises e gest\u00e3o de equipe.<\/p>\n\n\n\n<p>J\u00e1 atendeu a Prefeitura de Mogi das Cruzes, Pfizer, Hospital Benefic\u00eancia Portuguesa, Hospital Municipal da Brasil\u00e2ndia, Agrada Produ\u00e7\u00f5es, Secretaria da Fazenda e Planejamento do Estado de S\u00e3o Paulo,&nbsp;Tjama&nbsp;e&nbsp;Omint.<\/p>\n","protected":false},"excerpt":{"rendered":"<p>Jornalista, influenciador digital e ativista Felipe Ruffino participar\u00e1 de sequ\u00eancia de eventos relaciona ao m\u00eas da Consci\u00eancia Negra O m\u00eas de novembro \u00e9 o per\u00edodo onde se eleva os assuntos relacionados ao tema de cunho racial. Por conta disso, Felipe Ruffino, 29, jornalista, influenciador digital e ativista racial, participar\u00e1 de uma s\u00e9rie de eventos que [&hellip;]<\/p>\n","protected":false},"author":1,"featured_media":1609,"comment_status":"open","ping_status":"open","sticky":false,"template":"","format":"standard","meta":{"footnotes":""},"categories":[339,186],"tags":[418],"class_list":["post-1608","post","type-post","status-publish","format-standard","has-post-thumbnail","hentry","category-entretenimento","category-eventos","tag-felipe-ruffino"],"_links":{"self":[{"href":"https:\/\/diarioparanaense.com\/index.php?rest_route=\/wp\/v2\/posts\/1608","targetHints":{"allow":["GET"]}}],"collection":[{"href":"https:\/\/diarioparanaense.com\/index.php?rest_route=\/wp\/v2\/posts"}],"about":[{"href":"https:\/\/diarioparanaense.com\/index.php?rest_route=\/wp\/v2\/types\/post"}],"author":[{"embeddable":true,"href":"https:\/\/diarioparanaense.com\/index.php?rest_route=\/wp\/v2\/users\/1"}],"replies":[{"embeddable":true,"href":"https:\/\/diarioparanaense.com\/index.php?rest_route=%2Fwp%2Fv2%2Fcomments&post=1608"}],"version-history":[{"count":1,"href":"https:\/\/diarioparanaense.com\/index.php?rest_route=\/wp\/v2\/posts\/1608\/revisions"}],"predecessor-version":[{"id":1610,"href":"https:\/\/diarioparanaense.com\/index.php?rest_route=\/wp\/v2\/posts\/1608\/revisions\/1610"}],"wp:featuredmedia":[{"embeddable":true,"href":"https:\/\/diarioparanaense.com\/index.php?rest_route=\/wp\/v2\/media\/1609"}],"wp:attachment":[{"href":"https:\/\/diarioparanaense.com\/index.php?rest_route=%2Fwp%2Fv2%2Fmedia&parent=1608"}],"wp:term":[{"taxonomy":"category","embeddable":true,"href":"https:\/\/diarioparanaense.com\/index.php?rest_route=%2Fwp%2Fv2%2Fcategories&post=1608"},{"taxonomy":"post_tag","embeddable":true,"href":"https:\/\/diarioparanaense.com\/index.php?rest_route=%2Fwp%2Fv2%2Ftags&post=1608"}],"curies":[{"name":"wp","href":"https:\/\/api.w.org\/{rel}","templated":true}]}}