{"id":1605,"date":"2023-11-17T13:07:17","date_gmt":"2023-11-17T16:07:17","guid":{"rendered":"https:\/\/diarioparanaense.com\/?p=1605"},"modified":"2023-11-17T13:07:18","modified_gmt":"2023-11-17T16:07:18","slug":"com-essencia-latina-bea-issler-lanca-o-ep-obstinada-primeiro-de-sua-carreira-solo","status":"publish","type":"post","link":"https:\/\/diarioparanaense.com\/?p=1605","title":{"rendered":"Com ess\u00eancia latina, Bea Issler lan\u00e7a o EP &#8220;Obstinada&#8221;, primeiro de sua carreira solo"},"content":{"rendered":"\n<p class=\"has-medium-font-size\">\u00c1lbum chega \u00e0s plataformas digitais nesta sexta-feira (10<\/p>\n\n\n\n<p>A talentosa cantora e compositora Bea Issler d\u00e1 um passo importante em sua carreira musical com o lan\u00e7amento de seu primeiro EP. Intitulado &#8220;Obstinada&#8221;, o mini \u00e1lbum chegou \u00e0s plataformas digitais na \u00faltima sexta-feira (10).<\/p>\n\n\n\n<p>Este projeto carrega a autenticidade da cultura latina, imerso na m\u00fasica urbana latina e ressoa com a for\u00e7a da feminilidade. \u201cEste \u00e9 um lan\u00e7amento muito importante para a minha carreira, pois \u00e9 o meu primeiro EP solo. Trabalhei com uma equipe incr\u00edvel por 1 ano e meio e o resultado n\u00e3o poderia ser melhor\u201d, comenta Bea Issler.<\/p>\n\n\n\n<p>&#8220;Obstinada&#8221; \u00e9 uma verdadeira celebra\u00e7\u00e3o da for\u00e7a feminina, onde Bea Issler inspira e eleva o \u00e2nimo do p\u00fablico, ao mesmo tempo que transmite mensagens de empoderamento e resist\u00eancia nas entrelinhas de suas m\u00fasicas. Cada faixa do EP ser\u00e1 acompanhada por visualizers \u00fanicos, enriquecendo ainda mais a experi\u00eancia visual.<\/p>\n\n\n\n<p>Bea Issler est\u00e1 comprometida com a divulga\u00e7\u00e3o do EP e preparou uma estrat\u00e9gia para alcan\u00e7ar ainda mais o seu p\u00fablico. Sua presen\u00e7a nas redes sociais ser\u00e1 uma parte fundamental da divulga\u00e7\u00e3o, com diversos conte\u00fados a serem&nbsp;publicados.<\/p>\n","protected":false},"excerpt":{"rendered":"<p>\u00c1lbum chega \u00e0s plataformas digitais nesta sexta-feira (10 A talentosa cantora e compositora Bea Issler d\u00e1 um passo importante em sua carreira musical com o lan\u00e7amento de seu primeiro EP. Intitulado &#8220;Obstinada&#8221;, o mini \u00e1lbum chegou \u00e0s plataformas digitais na \u00faltima sexta-feira (10). Este projeto carrega a autenticidade da cultura latina, imerso na m\u00fasica urbana [&hellip;]<\/p>\n","protected":false},"author":1,"featured_media":1606,"comment_status":"open","ping_status":"open","sticky":false,"template":"","format":"standard","meta":{"footnotes":""},"categories":[27],"tags":[417],"class_list":["post-1605","post","type-post","status-publish","format-standard","has-post-thumbnail","hentry","category-musica","tag-bea-issler"],"_links":{"self":[{"href":"https:\/\/diarioparanaense.com\/index.php?rest_route=\/wp\/v2\/posts\/1605","targetHints":{"allow":["GET"]}}],"collection":[{"href":"https:\/\/diarioparanaense.com\/index.php?rest_route=\/wp\/v2\/posts"}],"about":[{"href":"https:\/\/diarioparanaense.com\/index.php?rest_route=\/wp\/v2\/types\/post"}],"author":[{"embeddable":true,"href":"https:\/\/diarioparanaense.com\/index.php?rest_route=\/wp\/v2\/users\/1"}],"replies":[{"embeddable":true,"href":"https:\/\/diarioparanaense.com\/index.php?rest_route=%2Fwp%2Fv2%2Fcomments&post=1605"}],"version-history":[{"count":1,"href":"https:\/\/diarioparanaense.com\/index.php?rest_route=\/wp\/v2\/posts\/1605\/revisions"}],"predecessor-version":[{"id":1607,"href":"https:\/\/diarioparanaense.com\/index.php?rest_route=\/wp\/v2\/posts\/1605\/revisions\/1607"}],"wp:featuredmedia":[{"embeddable":true,"href":"https:\/\/diarioparanaense.com\/index.php?rest_route=\/wp\/v2\/media\/1606"}],"wp:attachment":[{"href":"https:\/\/diarioparanaense.com\/index.php?rest_route=%2Fwp%2Fv2%2Fmedia&parent=1605"}],"wp:term":[{"taxonomy":"category","embeddable":true,"href":"https:\/\/diarioparanaense.com\/index.php?rest_route=%2Fwp%2Fv2%2Fcategories&post=1605"},{"taxonomy":"post_tag","embeddable":true,"href":"https:\/\/diarioparanaense.com\/index.php?rest_route=%2Fwp%2Fv2%2Ftags&post=1605"}],"curies":[{"name":"wp","href":"https:\/\/api.w.org\/{rel}","templated":true}]}}