{"id":1602,"date":"2023-11-17T11:24:07","date_gmt":"2023-11-17T14:24:07","guid":{"rendered":"https:\/\/diarioparanaense.com\/?p=1602"},"modified":"2023-11-17T11:24:08","modified_gmt":"2023-11-17T14:24:08","slug":"novembro-laranja-e-o-mes-de-conscientizacao-sobre-a-saude-da-audicao","status":"publish","type":"post","link":"https:\/\/diarioparanaense.com\/?p=1602","title":{"rendered":"Novembro Laranja \u00e9 o m\u00eas de conscientiza\u00e7\u00e3o sobre a sa\u00fade da audi\u00e7\u00e3o"},"content":{"rendered":"\n<p>Zumbido no ouvido pode estar relacionado a v\u00e1rias doen\u00e7as e alguns dos sintomas envolvem sons como um chiado, um apito ou o bater de asas de uma borboleta<\/p>\n\n\n\n<p>Voc\u00ea j\u00e1 imaginou ficar o dia todo com um zumbido \u201cdentro da cabe\u00e7a\u201d, como um r\u00e1dio fora da esta\u00e7\u00e3o? O Novembro Laranja \u00e9 o m\u00eas da \u201cCampanha Nacional de Alerta ao Zumbido\u201d e, durante esse per\u00edodo, a sociedade se mobiliza para disseminar informa\u00e7\u00f5es sobre os cuidados necess\u00e1rios com a audi\u00e7\u00e3o.<\/p>\n\n\n\n<p>De acordo com a otorrinolaringologista do Hospital IPO, Vanessa Mazanek Santos, o zumbido \u00e9 um sintoma que afeta boa parte da popula\u00e7\u00e3o. \u201c\u00c9 definido como qualquer som que a pessoa perceba sem que haja um ru\u00eddo externo no ambiente. Esse som pode ser como um clique, um apito, um chiado, um grilo ou at\u00e9 como o bater de asas de uma borboleta\u201d, explica.<\/p>\n\n\n\n<p>Segundo a Organiza\u00e7\u00e3o Mundial da Sa\u00fade (OMS), estima-se que no Brasil hajam 28 milh\u00f5es de pessoas com algum grau de defici\u00eancia auditiva ou que sofrem com zumbidos. Dadas as propor\u00e7\u00f5es, a especialista esclarece que o zumbido \u00e9 um sintoma e n\u00e3o a doen\u00e7a em si. Por isso, \u00e9 necess\u00e1rio que seja investigado para que se possa descobrir a causa e, ent\u00e3o, realizar o tratamento adequado.<\/p>\n\n\n\n<p class=\"has-medium-font-size\">As causas do zumbido<\/p>\n\n\n\n<p>A otorrinolaringologista ressalta que as origens do quadro podem ser diversas: \u201co aumento de a\u00e7\u00facar no sangue, condi\u00e7\u00f5es relacionadas \u00e0 press\u00e3o arterial, fatores musculares e psiqui\u00e1tricos podem trazer o sintoma de zumbido. Grande parte dos pacientes consegue descobrir a causa e, se n\u00e3o elimin\u00e1-lo por completo, pelo menos ameniz\u00e1-lo para que se torne mais toler\u00e1vel\u201d.<\/p>\n\n\n\n<p>Independentemente do motivo, identificar uma altera\u00e7\u00e3o no organismo apenas pelo zumbido no ouvido n\u00e3o \u00e9 uma tarefa f\u00e1cil. De acordo com Mazanek, de todas as causas do zumbido, a perda de audi\u00e7\u00e3o \u00e9 a principal delas. Por isso, \u00e9 preciso voltar as aten\u00e7\u00f5es \u00e0 conscientiza\u00e7\u00e3o sobre a sa\u00fade auditiva e buscar o tratamento adequado o quanto antes. \u201c\u00c9 importante termos o Novembro Laranja, pois a campanha promove a conscientiza\u00e7\u00e3o de que \u00e9 sempre poss\u00edvel buscar uma melhor qualidade de vida\u201d,&nbsp;finaliza.<\/p>\n","protected":false},"excerpt":{"rendered":"<p>Zumbido no ouvido pode estar relacionado a v\u00e1rias doen\u00e7as e alguns dos sintomas envolvem sons como um chiado, um apito ou o bater de asas de uma borboleta Voc\u00ea j\u00e1 imaginou ficar o dia todo com um zumbido \u201cdentro da cabe\u00e7a\u201d, como um r\u00e1dio fora da esta\u00e7\u00e3o? O Novembro Laranja \u00e9 o m\u00eas da \u201cCampanha [&hellip;]<\/p>\n","protected":false},"author":1,"featured_media":1603,"comment_status":"open","ping_status":"open","sticky":false,"template":"","format":"standard","meta":{"footnotes":""},"categories":[29,164],"tags":[416],"class_list":["post-1602","post","type-post","status-publish","format-standard","has-post-thumbnail","hentry","category-artigos","category-saude-2","tag-vanessa-mazanek-santos"],"_links":{"self":[{"href":"https:\/\/diarioparanaense.com\/index.php?rest_route=\/wp\/v2\/posts\/1602","targetHints":{"allow":["GET"]}}],"collection":[{"href":"https:\/\/diarioparanaense.com\/index.php?rest_route=\/wp\/v2\/posts"}],"about":[{"href":"https:\/\/diarioparanaense.com\/index.php?rest_route=\/wp\/v2\/types\/post"}],"author":[{"embeddable":true,"href":"https:\/\/diarioparanaense.com\/index.php?rest_route=\/wp\/v2\/users\/1"}],"replies":[{"embeddable":true,"href":"https:\/\/diarioparanaense.com\/index.php?rest_route=%2Fwp%2Fv2%2Fcomments&post=1602"}],"version-history":[{"count":1,"href":"https:\/\/diarioparanaense.com\/index.php?rest_route=\/wp\/v2\/posts\/1602\/revisions"}],"predecessor-version":[{"id":1604,"href":"https:\/\/diarioparanaense.com\/index.php?rest_route=\/wp\/v2\/posts\/1602\/revisions\/1604"}],"wp:featuredmedia":[{"embeddable":true,"href":"https:\/\/diarioparanaense.com\/index.php?rest_route=\/wp\/v2\/media\/1603"}],"wp:attachment":[{"href":"https:\/\/diarioparanaense.com\/index.php?rest_route=%2Fwp%2Fv2%2Fmedia&parent=1602"}],"wp:term":[{"taxonomy":"category","embeddable":true,"href":"https:\/\/diarioparanaense.com\/index.php?rest_route=%2Fwp%2Fv2%2Fcategories&post=1602"},{"taxonomy":"post_tag","embeddable":true,"href":"https:\/\/diarioparanaense.com\/index.php?rest_route=%2Fwp%2Fv2%2Ftags&post=1602"}],"curies":[{"name":"wp","href":"https:\/\/api.w.org\/{rel}","templated":true}]}}