{"id":1599,"date":"2023-11-17T09:43:42","date_gmt":"2023-11-17T12:43:42","guid":{"rendered":"https:\/\/diarioparanaense.com\/?p=1599"},"modified":"2023-11-17T09:43:42","modified_gmt":"2023-11-17T12:43:42","slug":"populacao-jovem-impulsiona-o-boom-imobiliario-e-economico-em-fazenda-rio-grande","status":"publish","type":"post","link":"https:\/\/diarioparanaense.com\/?p=1599","title":{"rendered":"Popula\u00e7\u00e3o jovem impulsiona o &#8216;boom&#8217; imobili\u00e1rio e econ\u00f4mico em Fazenda Rio Grande"},"content":{"rendered":"\n<p class=\"has-medium-font-size\">Munic\u00edpio lidera crescimento e juventude no estado do Paran\u00e1, enquanto a capital paranaense, Curitiba, se consagra como a Cidade Mais Inteligente do Mundo em 2023<\/p>\n\n\n\n<p>Na efervesc\u00eancia do boom imobili\u00e1rio da Regi\u00e3o Metropolitana de Curitiba, Fazenda Rio Grande se destaca como um epicentro em ascens\u00e3o, impulsionado n\u00e3o apenas por seu crescimento acelerado, mas tamb\u00e9m por uma popula\u00e7\u00e3o jovem, din\u00e2mica e por fomentar parcerias estrat\u00e9gicas entre os setores p\u00fablico e privado.<\/p>\n\n\n\n<p>Os dados do Censo 2022 revelam que Fazenda Rio Grande \u00e9 o munic\u00edpio mais jovem do Paran\u00e1, com apenas 8,6% de sua popula\u00e7\u00e3o composta por idosos. Al\u00e9m disso, o r\u00e1pido desenvolvimento da cidade a posicionou como a segunda que mais cresceu no Brasil entre os munic\u00edpios com menos de 100 mil habitantes em 2010, registrando um aumento impressionante de 82,3% em sua popula\u00e7\u00e3o. Esse fen\u00f4meno \u00e9 particularmente evidente no setor imobili\u00e1rio, com novos empreendimentos surgindo para atender \u00e0 crescente demanda.<\/p>\n\n\n\n<p>Gast\u00e3o Gonchorovski, presidente do Conselho de Desenvolvimento Econ\u00f4mico de Fazenda Rio Grande (PROFAZ), enfatiza a import\u00e2ncia da parceria entre os setores p\u00fablico e privado como um trampolim vital para a inova\u00e7\u00e3o e o desenvolvimento sustent\u00e1vel. &#8220;A colabora\u00e7\u00e3o entre esses setores \u00e9 crucial para criar oportunidades de trabalho e m\u00e3o-de-obra nos setores de servi\u00e7os, ind\u00fastria e tecnologia&#8221;, destaca Gonchorovski.<\/p>\n\n\n\n<p class=\"has-medium-font-size\">FRG: ecossistema de inova\u00e7\u00e3o<\/p>\n\n\n\n<p>Fazenda Rio Grande n\u00e3o \u00e9 apenas um epicentro imobili\u00e1rio: a cidade est\u00e1 em evolu\u00e7\u00e3o, em que os alicerces da inova\u00e7\u00e3o e do empreendedorismo se entrela\u00e7am para moldar um futuro promissor. Um exemplo not\u00e1vel \u00e9 a forma\u00e7\u00e3o de um ecossistema de inova\u00e7\u00e3o, indicando o compromisso da cidade com o avan\u00e7o digital e o crescimento econ\u00f4mico. Empresas do setor, tem avaliado o munic\u00edpio por seu potencial jovem, como possibilidade de expans\u00e3o.<\/p>\n\n\n\n<p>Enquanto isso, a vizinha Curitiba recebeu uma honra internacional ao ser eleita a Cidade Mais Inteligente do Mundo de 2023 em Barcelona, na Espanha, honraria concedida no World Smart City Awards. Este prestigiado pr\u00eamio reconhece as pol\u00edticas p\u00fablicas, a\u00e7\u00f5es e programas de planejamento urbano inteligentes de Curitiba voltados ao crescimento socioecon\u00f4mico e \u00e0 sustentabilidade ambiental. \u201cEsse reconhecimento conjunto de Curitiba como a Cidade Mais Inteligente do Mundo e de Fazenda Rio Grande como um epicentro de crescimento e inova\u00e7\u00e3o destacam a uni\u00e3o poderosa entre uma cidade l\u00edder em intelig\u00eancia urbana e outra em ascens\u00e3o no panorama imobili\u00e1rio, demogr\u00e1fico e econ\u00f4mico, criando uma sinergia \u00fanica na Regi\u00e3o Metropolitana de Curitiba. Este cen\u00e1rio promissor oferece oportunidades excepcionais para investimentos e crescimento cont\u00ednuo, moldando um futuro din\u00e2mico e sustent\u00e1vel para a regi\u00e3o\u201d, destaca o presidente do PROFAZ.<\/p>\n\n\n\n<p>O World Smart City Awards, concedido pela Fira Barcelona, \u00e9 considerado a principal premia\u00e7\u00e3o de cidades inteligentes do mundo. Esta foi a quinta vez que a capital paranaense ficou entre as seis cidades finalistas do pr\u00eamio. \u201cTemos potencial para nos destacar como uma grande cidade inteligente, pois, existem muitas mentes jovens e com capacidade empreendedora. Quem sabe n\u00e3o chegamos l\u00e1 tamb\u00e9m\u201d, sentencia Gast\u00e3o Gonchorovski. \u00c9 trabalhar&nbsp;para&nbsp;isto.<\/p>\n","protected":false},"excerpt":{"rendered":"<p>Munic\u00edpio lidera crescimento e juventude no estado do Paran\u00e1, enquanto a capital paranaense, Curitiba, se consagra como a Cidade Mais Inteligente do Mundo em 2023 Na efervesc\u00eancia do boom imobili\u00e1rio da Regi\u00e3o Metropolitana de Curitiba, Fazenda Rio Grande se destaca como um epicentro em ascens\u00e3o, impulsionado n\u00e3o apenas por seu crescimento acelerado, mas tamb\u00e9m por [&hellip;]<\/p>\n","protected":false},"author":1,"featured_media":1600,"comment_status":"open","ping_status":"open","sticky":false,"template":"","format":"standard","meta":{"footnotes":""},"categories":[29,324],"tags":[],"class_list":["post-1599","post","type-post","status-publish","format-standard","has-post-thumbnail","hentry","category-artigos","category-negocios"],"_links":{"self":[{"href":"https:\/\/diarioparanaense.com\/index.php?rest_route=\/wp\/v2\/posts\/1599","targetHints":{"allow":["GET"]}}],"collection":[{"href":"https:\/\/diarioparanaense.com\/index.php?rest_route=\/wp\/v2\/posts"}],"about":[{"href":"https:\/\/diarioparanaense.com\/index.php?rest_route=\/wp\/v2\/types\/post"}],"author":[{"embeddable":true,"href":"https:\/\/diarioparanaense.com\/index.php?rest_route=\/wp\/v2\/users\/1"}],"replies":[{"embeddable":true,"href":"https:\/\/diarioparanaense.com\/index.php?rest_route=%2Fwp%2Fv2%2Fcomments&post=1599"}],"version-history":[{"count":1,"href":"https:\/\/diarioparanaense.com\/index.php?rest_route=\/wp\/v2\/posts\/1599\/revisions"}],"predecessor-version":[{"id":1601,"href":"https:\/\/diarioparanaense.com\/index.php?rest_route=\/wp\/v2\/posts\/1599\/revisions\/1601"}],"wp:featuredmedia":[{"embeddable":true,"href":"https:\/\/diarioparanaense.com\/index.php?rest_route=\/wp\/v2\/media\/1600"}],"wp:attachment":[{"href":"https:\/\/diarioparanaense.com\/index.php?rest_route=%2Fwp%2Fv2%2Fmedia&parent=1599"}],"wp:term":[{"taxonomy":"category","embeddable":true,"href":"https:\/\/diarioparanaense.com\/index.php?rest_route=%2Fwp%2Fv2%2Fcategories&post=1599"},{"taxonomy":"post_tag","embeddable":true,"href":"https:\/\/diarioparanaense.com\/index.php?rest_route=%2Fwp%2Fv2%2Ftags&post=1599"}],"curies":[{"name":"wp","href":"https:\/\/api.w.org\/{rel}","templated":true}]}}