{"id":1590,"date":"2023-11-16T16:19:44","date_gmt":"2023-11-16T19:19:44","guid":{"rendered":"https:\/\/diarioparanaense.com\/?p=1590"},"modified":"2023-11-16T16:19:44","modified_gmt":"2023-11-16T19:19:44","slug":"em-2030-o-brasil-pode-se-tornar-o-quinto-pais-com-mais-criancas-acima-do-peso","status":"publish","type":"post","link":"https:\/\/diarioparanaense.com\/?p=1590","title":{"rendered":"Em 2030, o Brasil pode se tornar o quinto pa\u00eds com mais crian\u00e7as acima do peso"},"content":{"rendered":"\n<p class=\"has-medium-font-size\"><strong>Especialista explica alguns fatores apontados em estudo feito pela Organiza\u00e7\u00e3o Mundial de Sa\u00fade sobre aumento de sedentarismo e obesidade entre adolescentes<\/strong><\/p>\n\n\n\n<p>Conforme apontado pela OMS (Organiza\u00e7\u00e3o Mundial de Sa\u00fade), o Brasil pode se tornar o quinto pa\u00eds com a mais elevada porcentagem de crian\u00e7as e adolescentes com excesso de peso at\u00e9 2030. O crescimento do sedentarismo e da obesidade entre os adolescentes brasileiros \u00e9 algo que pode ser evidenciado em diferentes estudos.<\/p>\n\n\n\n<p>Para o Dr. Marco Aur\u00e9lio Silv\u00e9rio Neves, ortopedista e traumatologista especializado em cirurgia de quadril e joelho, o crescimento do sedentarismo est\u00e1 ligado diretamente ao crescimento da obesidade entre os adolescentes brasileiros. \u201cPesquisas indicam que as mudan\u00e7as ocorridas nos padr\u00f5es alimentares nas \u00faltimas d\u00e9cadas, como o aumento do consumo de a\u00e7\u00facares simples, alimentos industrializados e ingest\u00e3o insuficiente de frutas e hortali\u00e7as, est\u00e3o diretamente associadas ao ganho de peso dos adolescentes\u201d, desta.<\/p>\n\n\n\n<p>Outro ponto fundamental a ser destacado \u00e9 que a redu\u00e7\u00e3o progressiva da pr\u00e1tica de atividade f\u00edsica, combinada ao maior tempo dedicado \u00e0s atividades de baixa intensidade, como assistir televis\u00e3o, usar computador e jogar videogame, tamb\u00e9m tem contribu\u00eddo para o aumento de peso dos jovens. &#8220;\u00c9 importante acrescentar que as vari\u00e1veis relacionadas ao padr\u00e3o alimentar e de atividade f\u00edsica devem ser priorizadas nas interven\u00e7\u00f5es voltadas para a preven\u00e7\u00e3o da obesidade entre adolescentes\u201d, refor\u00e7a o especialista.<\/p>\n\n\n\n<p>Dr. Marco Aur\u00e9lio explica que o excesso de gordura no organismo pode ser nocivo para as articula\u00e7\u00f5es. &#8220;Isso ocorre porque a gordura agride a cartilagem que reveste as juntas e o excesso de peso sobrecarrega as articula\u00e7\u00f5es. Os membros inferiores s\u00e3o os mais afetados, como quadril, tornozelo e joelho&#8221;, esclarece.<\/p>\n\n\n\n<p>Ainda de acordo com o m\u00e9dico, em geral as pessoas com sobrepeso correm um risco muito maior de sofrer de dores nas costas e quaisquer problemas musculares ou articulares. &#8220;Basicamente, o excesso de peso carregado por uma pessoa obesa coloca press\u00e3o e tens\u00e3o adicionais na coluna, aumentando assim o potencial de les\u00e3o na coluna e nas costas&#8221;, disse o ortopedista, destacando que uma alimenta\u00e7\u00e3o saud\u00e1vel e a pr\u00e1tica de exerc\u00edcios f\u00edsicos \u00e9 a receita para que as les\u00f5es nas articula\u00e7\u00f5es e coluna diminuam.<\/p>\n\n\n\n<p class=\"has-medium-font-size\">Sobre o Dr. Marco Aur\u00e9lio S. Neves<\/p>\n\n\n\n<p>Dr Marco Aur\u00e9lio S. Neves, ortopedista e traumatologista, especializado em pr\u00f3teses de quadril e joelho. Pioneiro no Brasil em t\u00e9cnicas avan\u00e7adas para realiza\u00e7\u00e3o de cirurgias de pr\u00f3tese de quadril e de joelho. Conta com especializa\u00e7\u00e3o em Ortopedia e Traumatologia (2001) e em Cirurgia do Quadril e do Joelho (2002 e 2003), pelo Hospital das Cl\u00ednicas da Faculdade de Medicina da Universidade de S\u00e3o Paulo (HC \u2013 FMUSP).<\/p>\n\n\n\n<p>O grande diferencial do m\u00e9dico s\u00e3o as bases tecnol\u00f3gicas aplicadas na pr\u00f3tese de joelho, o uso de guias customizadas feitas sob medida para cada paciente, por meio de impress\u00e3o 3D, aumenta a precis\u00e3o da cirurgia, otimizando os resultados. E na cirurgia de pr\u00f3tese de quadril, \u00e9 pioneiro na utiliza\u00e7\u00e3o da via anterior \u00e9 a \u00fanica que possibilita o m\u00e9todo verdadeiramente n\u00e3o invasivo (AMIS), preservando m\u00fasculos e tend\u00f5es.<\/p>\n\n\n\n<p>A realidade aumentada e a rob\u00f3tica para diminuir a agress\u00e3o da cirurgia e permitir uma recupera\u00e7\u00e3o mais r\u00e1pida tamb\u00e9m j\u00e1 s\u00e3o uma realidade. Um dos pioneiros no Brasil em t\u00e9cnicas avan\u00e7adas para realiza\u00e7\u00e3o de cirurgias de pr\u00f3tese de quadril e de joelho.<\/p>\n\n\n\n<p>Especializa\u00e7\u00f5es em centros de refer\u00eancia em cirurgia ortop\u00e9dica do mundo, entre eles: Presbyterian Hospital Plano (Texas, Estados Unidos, 2004), Hospital Jan Palfij (Gent, B\u00e9lgica, 2006), Clinic Dr. Decker (Munique, Alemanha, 2006), The Steadman Clinic (Vail, Estados Unidos, 2009), South West London Orthopaedic Center (Inglaterra, 2013), Le Centre M\u00e9dico Chirurgical Paris V (Paris, Fran\u00e7a, 2015).<\/p>\n\n\n\n<p><strong>Para mais informa\u00e7\u00f5es<\/strong>: <a href=\"http:\/\/www.drmarcoaurelio.com.br\">www.drmarcoaurelio.com.br<\/a><\/p>\n\n\n\n<p><strong>Instagram<\/strong>: @drmarcoaurelio.ortopedia<\/p>\n\n\n\n<p><strong>Linkedin<\/strong>: marco-aurelio-silverio-neves<\/p>\n","protected":false},"excerpt":{"rendered":"<p>Especialista explica alguns fatores apontados em estudo feito pela Organiza\u00e7\u00e3o Mundial de Sa\u00fade sobre aumento de sedentarismo e obesidade entre adolescentes Conforme apontado pela OMS (Organiza\u00e7\u00e3o Mundial de Sa\u00fade), o Brasil pode se tornar o quinto pa\u00eds com a mais elevada porcentagem de crian\u00e7as e adolescentes com excesso de peso at\u00e9 2030. O crescimento do [&hellip;]<\/p>\n","protected":false},"author":1,"featured_media":1591,"comment_status":"open","ping_status":"open","sticky":false,"template":"","format":"standard","meta":{"footnotes":""},"categories":[29],"tags":[236],"class_list":["post-1590","post","type-post","status-publish","format-standard","has-post-thumbnail","hentry","category-artigos","tag-dr-marco-aurelio-s-neves"],"_links":{"self":[{"href":"https:\/\/diarioparanaense.com\/index.php?rest_route=\/wp\/v2\/posts\/1590","targetHints":{"allow":["GET"]}}],"collection":[{"href":"https:\/\/diarioparanaense.com\/index.php?rest_route=\/wp\/v2\/posts"}],"about":[{"href":"https:\/\/diarioparanaense.com\/index.php?rest_route=\/wp\/v2\/types\/post"}],"author":[{"embeddable":true,"href":"https:\/\/diarioparanaense.com\/index.php?rest_route=\/wp\/v2\/users\/1"}],"replies":[{"embeddable":true,"href":"https:\/\/diarioparanaense.com\/index.php?rest_route=%2Fwp%2Fv2%2Fcomments&post=1590"}],"version-history":[{"count":1,"href":"https:\/\/diarioparanaense.com\/index.php?rest_route=\/wp\/v2\/posts\/1590\/revisions"}],"predecessor-version":[{"id":1592,"href":"https:\/\/diarioparanaense.com\/index.php?rest_route=\/wp\/v2\/posts\/1590\/revisions\/1592"}],"wp:featuredmedia":[{"embeddable":true,"href":"https:\/\/diarioparanaense.com\/index.php?rest_route=\/wp\/v2\/media\/1591"}],"wp:attachment":[{"href":"https:\/\/diarioparanaense.com\/index.php?rest_route=%2Fwp%2Fv2%2Fmedia&parent=1590"}],"wp:term":[{"taxonomy":"category","embeddable":true,"href":"https:\/\/diarioparanaense.com\/index.php?rest_route=%2Fwp%2Fv2%2Fcategories&post=1590"},{"taxonomy":"post_tag","embeddable":true,"href":"https:\/\/diarioparanaense.com\/index.php?rest_route=%2Fwp%2Fv2%2Ftags&post=1590"}],"curies":[{"name":"wp","href":"https:\/\/api.w.org\/{rel}","templated":true}]}}