{"id":1588,"date":"2023-11-16T15:37:17","date_gmt":"2023-11-16T18:37:17","guid":{"rendered":"https:\/\/diarioparanaense.com\/?p=1588"},"modified":"2023-11-16T15:37:18","modified_gmt":"2023-11-16T18:37:18","slug":"novembro-azul-reposicao-de-testosterona-nao-tem-relacao-com-cancer-de-prostata","status":"publish","type":"post","link":"https:\/\/diarioparanaense.com\/?p=1588","title":{"rendered":"Novembro Azul: reposi\u00e7\u00e3o de testosterona n\u00e3o tem rela\u00e7\u00e3o com c\u00e2ncer de pr\u00f3stata"},"content":{"rendered":"\n<p class=\"has-medium-font-size\">Associa\u00e7\u00e3o Brasileira de Hormonologia alerta para os benef\u00edcios da reposi\u00e7\u00e3o hormonal para sa\u00fade do homem<\/p>\n\n\n\n<p>O m\u00eas de novembro \u00e9 mundialmente conhecido pela campanha Novembro Azul, de conscientiza\u00e7\u00e3o sobre a sa\u00fade do homem e preven\u00e7\u00e3o ao c\u00e2ncer de pr\u00f3stata. E uma das principais pol\u00eamicas em rela\u00e7\u00e3o ao tema \u00e9 se h\u00e1 alguma rela\u00e7\u00e3o entre o uso de testosterona e a incid\u00eancia deste tipo de c\u00e2ncer. \u201cV\u00e1rios estudos cient\u00edficos j\u00e1 comprovaram que a reposi\u00e7\u00e3o hormonal de testosterona n\u00e3o causa c\u00e2ncer de pr\u00f3stata. Mas apesar de in\u00fameros trabalhos n\u00e3o evidenciarem rela\u00e7\u00e3o de causalidade entre o uso de testosterona e a doen\u00e7a, ainda h\u00e1 muita desinforma\u00e7\u00e3o na sociedade de um modo geral\u201d, destaca o m\u00e9dico Luiz Paulo S. Pinto, presidente da Associa\u00e7\u00e3o Brasileira de Hormonologia (ASBRAH).<\/p>\n\n\n\n<p>Segundo o m\u00e9dico, o avan\u00e7o das pesquisas cient\u00edficas torna o tratamento hormonal cada vez mais seguro para a popula\u00e7\u00e3o. Ele alerta que \u00e9 preciso estar atento aos sinais e fazer exames peri\u00f3dicos, pois assim como ocorre com as mulheres na menopausa, nos homens tamb\u00e9m h\u00e1 uma diminui\u00e7\u00e3o natural na produ\u00e7\u00e3o de horm\u00f4nios com o avan\u00e7o da idade.<\/p>\n\n\n\n<p>\u201cNos homens um dos principais horm\u00f4nios \u00e9 a testosterona que tem m\u00faltiplas fun\u00e7\u00f5es fisiol\u00f3gicas e atua inclusive na regula\u00e7\u00e3o do metabolismo. S\u00e3o in\u00fameros os problemas que a defici\u00eancia da testosterona pode trazer \u00e0 sa\u00fade do homem, entre eles a obesidade, diminui\u00e7\u00e3o da densidade \u00f3ssea e da massa muscular, diabetes, depress\u00e3o e uma s\u00e9rie de complica\u00e7\u00f5es. E nestes casos, a reposi\u00e7\u00e3o hormonal \u00e9 fundamental para melhorar a qualidade de vida dos pacientes e evitar o surgimento de doen\u00e7as cr\u00f4nicas\u201d, afirma Luiz Paulo S. Pinto.<\/p>\n\n\n\n<p>Um estudo realizado recentemente pela Universidade de Harvard concluiu que a normaliza\u00e7\u00e3o dos n\u00edveis de testosterona reduz a incid\u00eancia de infarto do mioc\u00e1rdio, Acidente Vascular Cerebral (AVC) e a taxa de mortalidade em geral. O estudo foi conduzido pelo m\u00e9dico urologista e professor de Harvard, Abraham Morgentaler, refer\u00eancia mundial em tratamentos com testosterona e que \u00e9 um dos palestrantes convidados para o 1\u00ba Congresso Brasileiro de Hormonologia, que ser\u00e1 realizado em dezembro, em Curitiba (PR).<\/p>\n\n\n\n<p>\u201c\u00c0 medida que novos estudos cient\u00edficos v\u00e3o surgindo, come\u00e7amos a entender melhor como os horm\u00f4nios atuam na sa\u00fade do homem como um todo. No caso do c\u00e2ncer de pr\u00f3stata, por exemplo, essa suposta rela\u00e7\u00e3o entre a reposi\u00e7\u00e3o de testosterona e o surgimento da doen\u00e7a j\u00e1 foi refutada por v\u00e1rias pesquisas. Inclusive, como \u00e9 um c\u00e2ncer que tem o monitoramento iniciado somente a partir dos 50 anos ou, em casos com hist\u00f3rico familiar aos 45 anos, j\u00e1 \u00e9 esperado que a produ\u00e7\u00e3o hormonal esteja em queda e, por isso, fica muito dif\u00edcil comprovar que exista alguma rela\u00e7\u00e3o de fato\u201d, explica Luiz Paulo S. Pinto.<\/p>\n\n\n\n<p><strong>Servi\u00e7o: 1\u00ba Congresso Brasileiro de Hormonologia<br>Local<\/strong>: Viasoft Experience (Curitiba \u2013 PR)<br><strong>Data<\/strong>: 01 e 02 de dezembro de 2023.<br><strong>Informa\u00e7\u00f5es e Inscri\u00e7\u00f5es:<\/strong> <a href=\"http:\/\/www.congressohormonologia.com.br\">www.congressohormonologia.com.br<\/a><\/p>\n\n\n\n<p><strong>Sobre a ASBRAH<br><\/strong>A Associa\u00e7\u00e3o Brasileira de Hormonologia (ASBRAH) \u00e9 uma organiza\u00e7\u00e3o comprometida em promover o conhecimento, avan\u00e7os cient\u00edficos e a pr\u00e1tica respons\u00e1vel dos tratamentos hormonais no Brasil e re\u00fane m\u00e9dicos que compartilham o interesse em comum no estudo e tratamento das disfun\u00e7\u00f5es hormonais, com o objetivo de melhorar a qualidade de vida das pessoas e promover a sa\u00fade em todas as fases da vida. A Associa\u00e7\u00e3o tem a miss\u00e3o de fomentar o desenvolvimento cont\u00ednuo da \u00e1rea, promovendo a excel\u00eancia na pesquisa, educa\u00e7\u00e3o e pr\u00e1tica cl\u00ednica, al\u00e9m de estabelecer padr\u00f5es \u00e9ticos elevados para a hormonologia\u00a0no\u00a0Brasil.<\/p>\n","protected":false},"excerpt":{"rendered":"<p>Associa\u00e7\u00e3o Brasileira de Hormonologia alerta para os benef\u00edcios da reposi\u00e7\u00e3o hormonal para sa\u00fade do homem O m\u00eas de novembro \u00e9 mundialmente conhecido pela campanha Novembro Azul, de conscientiza\u00e7\u00e3o sobre a sa\u00fade do homem e preven\u00e7\u00e3o ao c\u00e2ncer de pr\u00f3stata. E uma das principais pol\u00eamicas em rela\u00e7\u00e3o ao tema \u00e9 se h\u00e1 alguma rela\u00e7\u00e3o entre o [&hellip;]<\/p>\n","protected":false},"author":1,"featured_media":1586,"comment_status":"open","ping_status":"open","sticky":false,"template":"","format":"standard","meta":{"footnotes":""},"categories":[29],"tags":[415],"class_list":["post-1588","post","type-post","status-publish","format-standard","has-post-thumbnail","hentry","category-artigos","tag-associacao-brasileira-de-hormonologia"],"_links":{"self":[{"href":"https:\/\/diarioparanaense.com\/index.php?rest_route=\/wp\/v2\/posts\/1588","targetHints":{"allow":["GET"]}}],"collection":[{"href":"https:\/\/diarioparanaense.com\/index.php?rest_route=\/wp\/v2\/posts"}],"about":[{"href":"https:\/\/diarioparanaense.com\/index.php?rest_route=\/wp\/v2\/types\/post"}],"author":[{"embeddable":true,"href":"https:\/\/diarioparanaense.com\/index.php?rest_route=\/wp\/v2\/users\/1"}],"replies":[{"embeddable":true,"href":"https:\/\/diarioparanaense.com\/index.php?rest_route=%2Fwp%2Fv2%2Fcomments&post=1588"}],"version-history":[{"count":1,"href":"https:\/\/diarioparanaense.com\/index.php?rest_route=\/wp\/v2\/posts\/1588\/revisions"}],"predecessor-version":[{"id":1589,"href":"https:\/\/diarioparanaense.com\/index.php?rest_route=\/wp\/v2\/posts\/1588\/revisions\/1589"}],"wp:featuredmedia":[{"embeddable":true,"href":"https:\/\/diarioparanaense.com\/index.php?rest_route=\/wp\/v2\/media\/1586"}],"wp:attachment":[{"href":"https:\/\/diarioparanaense.com\/index.php?rest_route=%2Fwp%2Fv2%2Fmedia&parent=1588"}],"wp:term":[{"taxonomy":"category","embeddable":true,"href":"https:\/\/diarioparanaense.com\/index.php?rest_route=%2Fwp%2Fv2%2Fcategories&post=1588"},{"taxonomy":"post_tag","embeddable":true,"href":"https:\/\/diarioparanaense.com\/index.php?rest_route=%2Fwp%2Fv2%2Ftags&post=1588"}],"curies":[{"name":"wp","href":"https:\/\/api.w.org\/{rel}","templated":true}]}}