{"id":1581,"date":"2023-11-14T17:47:25","date_gmt":"2023-11-14T20:47:25","guid":{"rendered":"https:\/\/diarioparanaense.com\/?p=1581"},"modified":"2023-11-14T17:48:39","modified_gmt":"2023-11-14T20:48:39","slug":"baseado-em-sentimentos-reais-day-limns-eleva-o-pop-rock-brasileiro-com-o-lancamento-de-venus%e2%89%a0netuno","status":"publish","type":"post","link":"https:\/\/diarioparanaense.com\/?p=1581","title":{"rendered":"Baseado em sentimentos reais: DAY LIMNS eleva o Pop\/Rock Brasileiro com o lan\u00e7amento de &#8220;V\u00caNUS\u2260netuno&#8221;"},"content":{"rendered":"\n<p class=\"has-medium-font-size\">\u00c1lbum tem como mote as emo\u00e7\u00f5es da artista e explora a dualidade entre terreno e espiritual; Projeto conta com 12 faixas, incluindo parcerias com Hyperanhas e FROID e chega \u00e0s plataformas no dia 14 de novembro.<\/p>\n\n\n\n<p>Ou\u00e7a aqui: <a href=\"https:\/\/umg.headmedia.com.br\/venusnetuno\" target=\"_blank\" rel=\"noreferrer noopener\">https:\/\/umg.headmedia.com.br\/venusnetuno<\/a><\/p>\n\n\n\n<p>Trazendo \u00e0 toda sua verdade e vulnerabilidade, DAY LIMNS lan\u00e7a nesta ter\u00e7a-feira, 14, seu aguardado segundo \u00e1lbum de est\u00fadio, &#8220;V\u00caNUS\u2260netuno&#8221;, uma obra inovadora que promete redefinir o cen\u00e1rio do pop\/rock brasileiro. O \u00e1lbum \u00e9 uma jornada emocional que tra\u00e7a um paralelo entre complexidade das rela\u00e7\u00f5es humanas, abordando temas como dualidade, sacralidade, pecado e reden\u00e7\u00e3o.<\/p>\n\n\n\n<p>&#8220;V\u00caNUS\u2260netuno&#8221; trata da dificuldade de conciliar a rela\u00e7\u00e3o entre o terreno e o espiritual, o sacro e o profano, o bem e o mal etc, mas com a eterna tentativa de fazer dar certo. Segundo a artista, &#8220;V\u00caNUS\u2260netuno&#8221; \u00e9 algu\u00e9m obcecado por romantizar, idealiza quem ama a ponto de coloc\u00e1-la num pedestal, atribuindo a essa pessoa a import\u00e2ncia \u201cde um deus\u201d, (no nosso caso &#8211; deusa) e que, quando de frente com a realidade nua e crua, encontra verdadeiras dificuldades para enfrent\u00e1-la ou simplesmente aceit\u00e1-la como \u00e9, levando \u00e0 desilus\u00e3o.<\/p>\n\n\n\n<p>&#8220;V\u00caNUS\u2260netuno&#8221; \u00e9 uma jornada de auto liberta\u00e7\u00e3o, carregada de raiva, paix\u00e3o e uma pitada de inoc\u00eancia de seus trabalhos anteriores. Para DAY, esse disco representa o exorcismo de sentimentos que a devoravam, como o da \u201cculpa de nunca ser o suficiente\u201d, que ela foi ensinada a sentir por tanto tempo em sua viv\u00eancia na igreja.<\/p>\n\n\n\n<p>&#8220;Estava tudo muito \u00e0 flor da pele e a culpa foi desencadeada. N\u00e3o me fizeram sentir assim, mas reagi baseada na minha viv\u00eancia. Pensava: &#8216;Eu era muito ruim, eu sou um lixo, uma cruz para aquela pessoa&#8217;. Percebi que a minha necessidade de endeusar algu\u00e9m vinha muito desse lugar, de crescer precisando de salva\u00e7\u00e3o.&#8221;, explica DAY LIMNS.<\/p>\n\n\n\n<p class=\"has-medium-font-size\">Vulnerabiliza\u00e7\u00e3o<\/p>\n\n\n\n<p>Para o projeto, DAY LIMNS mergulha firme nas pr\u00f3prias sensa\u00e7\u00f5es, abrindo feridas na inten\u00e7\u00e3o de se curar. Ao lado dos cinco vezes indicados ao Grammy Latino, Los Brasileros, a cantora conta com DMAX e Isadora Sartor como produtores do projeto, al\u00e9m de compositoras como Carolzinha e Jenni Mosello que contribuem muito para o pop brasileiro.<\/p>\n\n\n\n<p>Investindo em uma sonoridade mais forte e elementos mais dark, &#8220;V\u00caNUS\u2260netuno&#8221; mostra uma DAY potente, tanto em suas letras, quanto nas m\u00fasicas em si, provando o clamor da artista ao mostrar seus sentimentos.<\/p>\n\n\n\n<p>&#8220;Tive a ideia de falar sobre o relacionamento da perspectiva de algu\u00e9m que viveu na igreja por muito tempo. Tratando essa pessoa como se fosse uma deusa mesmo, uma coisa rom\u00e2ntica e idealista. O resultado de colocar algu\u00e9m no pedestal \u00e9 que voc\u00ea se sente inferior. \u00c9 uma expectativa irreal e injusta que voc\u00ea coloca na pessoa e que ela nunca vai atingir porque \u00e9 t\u00e3o humana quanto voc\u00ea&#8221;, diz DAY.<\/p>\n\n\n\n<p class=\"has-medium-font-size\">Parcerias<\/p>\n\n\n\n<p>DAY LIMNS escolheu cuidadosamente seus colaboradores para trazer perspectivas nunca antes vistas em cada faixa do projeto. Na j\u00e1 lan\u00e7ada &#8220;CINZEIRO&#8221;, a artista se une a FROID, uma figura proeminente na cena musical urbana, que emprestou seu talento a uma composi\u00e7\u00e3o instigante. Conhecidas por sua impon\u00eancia e letras fortes, Hyperanhas une for\u00e7as com DAY LIMNS em &#8220;APOCAL\u00cdPTKA&#8221;, faixa que captura a ess\u00eancia de um apocalipse iminente, criando uma experi\u00eancia musical inesquec\u00edvel.<\/p>\n\n\n\n<p>Lan\u00e7ado junto a audiovisual dirigido por GAFE, conhecido por seu trabalho ic\u00f4nico em &#8220;Doce 22&#8221;, de Lu\u00edsa Sonza, &#8220;V\u00caNUS\u2260netuno&#8221; ser\u00e1 apresentado por meio de visualizers envolventes, criando uma jornada visual que complementa a m\u00fasica.<\/p>\n\n\n\n<p>O novo \u00e1lbum \u00e9 um divisor de \u00e1guas na carreira da cantora, fundindo diversos g\u00eaneros musicais e uma vis\u00e3o art\u00edstica profunda.<\/p>\n\n\n\n<p class=\"has-medium-font-size\">Conhe\u00e7a as faixas:<\/p>\n\n\n\n<p>K\u00c1LICE: Uma introdu\u00e7\u00e3o agressiva que abra\u00e7a os pr\u00f3prios defeitos e dem\u00f4nios, explorando a falta de limites e como essa caracter\u00edstica deixa uma marca nas pessoas.<\/p>\n\n\n\n<p>VERMELHO FAROL: Uma faixa quente que expressa desejo e paix\u00e3o reprimidos ao longo da vida, com uma constru\u00e7\u00e3o musical envolvente.<\/p>\n\n\n\n<p>CACOS: Uma m\u00fasica que faz refer\u00eancias a um trabalho anterior de DAY, mantendo um enigma para os ouvintes. \u00c9 uma explora\u00e7\u00e3o da ilus\u00e3o e instabilidade nas rela\u00e7\u00f5es.<\/p>\n\n\n\n<p>EGO\u00cdSTA: Uma zona de conforto rom\u00e2ntica e desiludida que expressa a nega\u00e7\u00e3o ap\u00f3s um t\u00e9rmino, quando a pessoa n\u00e3o consegue aceitar o fim do relacionamento.<\/p>\n\n\n\n<p>M\u00c1S CARAS: Uma reflex\u00e3o sobre a falta de algu\u00e9m e a esperan\u00e7a de que essa pessoa volte um dia, ilustrando a dualidade das emo\u00e7\u00f5es.<\/p>\n\n\n\n<p>MINHA RELIGI\u00c3O: Uma faixa que mostra os pecados e a aceita\u00e7\u00e3o na rela\u00e7\u00e3o, mas tamb\u00e9m a expectativa irreal que sobrecarrega o outro.<\/p>\n\n\n\n<p>FIEL: Uma das m\u00fasicas mais impactantes do \u00e1lbum, que explora a culpa por n\u00e3o ser perfeito o suficiente e n\u00e3o merecer o amor da outra pessoa.<\/p>\n\n\n\n<p>ANJO CA\u00cdDO: Uma m\u00fasica que traz uma vis\u00e3o mais madura dos acontecimentos na rela\u00e7\u00e3o, reconhecendo as imperfei\u00e7\u00f5es de ambas as partes.<\/p>\n\n\n\n<p>CINZEIRO: Uma reflex\u00e3o sobre a dualidade nas rela\u00e7\u00f5es, onde as pessoas querem coisas parecidas, mas agem de maneiras diferentes, ilustrando a complexidade das intera\u00e7\u00f5es humanas.<\/p>\n\n\n\n<p>PURGAT\u00d3RIO: Uma faixa que explora a sensa\u00e7\u00e3o de expuls\u00e3o do para\u00edso e a aceita\u00e7\u00e3o da culpa, servindo como um grito de protesto contra a exclus\u00e3o.<\/p>\n\n\n\n<p>APOCAL\u00cdPTKA: Uma faixa que captura a sensa\u00e7\u00e3o de liberdade ao realizar a\u00e7\u00f5es consideradas profanas e impuras, com a participa\u00e7\u00e3o de Hyperanhas: Andressinha e Nath.<\/p>\n\n\n\n<p>NIRVANA: Uma faixa que encerra o \u00e1lbum com a esperan\u00e7a de viver novas experi\u00eancias, mesmo ap\u00f3s desilus\u00f5es.<\/p>\n\n\n\n<p>Sobre o \u00e1lbum<\/p>\n\n\n\n<p>&#8220;V\u00caNUS\u2260netuno&#8221; representa um marco na carreira de DAY LIMNS, misturando g\u00eaneros musicais de forma inovadora. O \u00e1lbum conta com colabora\u00e7\u00f5es especiais de FROID e Hyperanhas, trazendo perspectivas \u00fanicas a cada faixa. Os produtores Los Brasileros, DMAX e Isadora Sartor deram vida a essa jornada sonora, enquanto o videoclipe do \u00e1lbum, dirigido por GAFE, complementa a experi\u00eancia visual.<\/p>\n\n\n\n<p>DAY LIMNS, um dos principais nomes do POP Underground, convida os entusiastas da m\u00fasica a se entregarem a esta jornada emocional atrav\u00e9s de &#8220;V\u00caNUS\u2260netuno&#8221;. Com milh\u00f5es de seguidores nas redes sociais, dezenas de milh\u00f5es de visualiza\u00e7\u00f5es no YouTube e streams em alta, DAY LIMNS continua a moldar o cen\u00e1rio musical brasileiro com sua inova\u00e7\u00e3o e&nbsp;autenticidade.<\/p>\n","protected":false},"excerpt":{"rendered":"<p>\u00c1lbum tem como mote as emo\u00e7\u00f5es da artista e explora a dualidade entre terreno e espiritual; Projeto conta com 12 faixas, incluindo parcerias com Hyperanhas e FROID e chega \u00e0s plataformas no dia 14 de novembro. Ou\u00e7a aqui: https:\/\/umg.headmedia.com.br\/venusnetuno Trazendo \u00e0 toda sua verdade e vulnerabilidade, DAY LIMNS lan\u00e7a nesta ter\u00e7a-feira, 14, seu aguardado segundo [&hellip;]<\/p>\n","protected":false},"author":1,"featured_media":1582,"comment_status":"open","ping_status":"open","sticky":false,"template":"","format":"standard","meta":{"footnotes":""},"categories":[27],"tags":[78],"class_list":["post-1581","post","type-post","status-publish","format-standard","has-post-thumbnail","hentry","category-musica","tag-day-limns"],"_links":{"self":[{"href":"https:\/\/diarioparanaense.com\/index.php?rest_route=\/wp\/v2\/posts\/1581","targetHints":{"allow":["GET"]}}],"collection":[{"href":"https:\/\/diarioparanaense.com\/index.php?rest_route=\/wp\/v2\/posts"}],"about":[{"href":"https:\/\/diarioparanaense.com\/index.php?rest_route=\/wp\/v2\/types\/post"}],"author":[{"embeddable":true,"href":"https:\/\/diarioparanaense.com\/index.php?rest_route=\/wp\/v2\/users\/1"}],"replies":[{"embeddable":true,"href":"https:\/\/diarioparanaense.com\/index.php?rest_route=%2Fwp%2Fv2%2Fcomments&post=1581"}],"version-history":[{"count":2,"href":"https:\/\/diarioparanaense.com\/index.php?rest_route=\/wp\/v2\/posts\/1581\/revisions"}],"predecessor-version":[{"id":1584,"href":"https:\/\/diarioparanaense.com\/index.php?rest_route=\/wp\/v2\/posts\/1581\/revisions\/1584"}],"wp:featuredmedia":[{"embeddable":true,"href":"https:\/\/diarioparanaense.com\/index.php?rest_route=\/wp\/v2\/media\/1582"}],"wp:attachment":[{"href":"https:\/\/diarioparanaense.com\/index.php?rest_route=%2Fwp%2Fv2%2Fmedia&parent=1581"}],"wp:term":[{"taxonomy":"category","embeddable":true,"href":"https:\/\/diarioparanaense.com\/index.php?rest_route=%2Fwp%2Fv2%2Fcategories&post=1581"},{"taxonomy":"post_tag","embeddable":true,"href":"https:\/\/diarioparanaense.com\/index.php?rest_route=%2Fwp%2Fv2%2Ftags&post=1581"}],"curies":[{"name":"wp","href":"https:\/\/api.w.org\/{rel}","templated":true}]}}