{"id":1573,"date":"2023-11-14T17:21:39","date_gmt":"2023-11-14T20:21:39","guid":{"rendered":"https:\/\/diarioparanaense.com\/?p=1573"},"modified":"2023-11-14T17:22:01","modified_gmt":"2023-11-14T20:22:01","slug":"nathan-carvalho-encerra-os-lancamentos-do-ano-com-versao-acustica-de-vida-leve","status":"publish","type":"post","link":"https:\/\/diarioparanaense.com\/?p=1573","title":{"rendered":"Nathan Carvalho encerra os lan\u00e7amentos do ano com vers\u00e3o ac\u00fastica de &#8220;Vida Leve&#8221;"},"content":{"rendered":"\n<p class=\"has-medium-font-size\">Projeto que aposta na brasilidade traz uma nova sonoridade para o trabalho do artista.<\/p>\n\n\n\n<p>Ou\u00e7a: <a href=\"https:\/\/lnk.fuga.com\/nathancarvalho_vidaleveacstico\" target=\"_blank\" rel=\"noreferrer noopener\">https:\/\/lnk.fuga.com\/nathancarvalho_vidaleveacstico<\/a><\/p>\n\n\n\n<p>O cantor e compositor Nathan Carvalho est\u00e1 prestes a surpreender seus f\u00e3s com uma vers\u00e3o ac\u00fastica incr\u00edvel de seu hit cativante, &#8220;Vida Leve.&#8221; A faixa, que promete enaltecer ainda mais a brasilidade e a mensagem de positividade, ser\u00e1 lan\u00e7ada nas plataformas digitais no pr\u00f3ximo dia 10 de novembro.<\/p>\n\n\n\n<p>Apostando em sua liga\u00e7\u00e3o com a sonoridade brasileira, que mistura diferentes ritmos e estilos musicais, a nova vers\u00e3o continua marcando o grande momento na carreira de Nathan, que revelou o EP &#8220;Novos Cantos&#8221;, cujo trabalho conta com quatro faixas, investindo em uma combina\u00e7\u00e3o do reggae e toques percussivos de congas, surdos, agog\u00f4 e outros instrumentos, que capturam a ess\u00eancia e o frescor da brasilidade.<\/p>\n\n\n\n<p>A nova roupagem ac\u00fastica de &#8220;Vida Leve&#8221; \u00e9 uma celebra\u00e7\u00e3o da simplicidade da vida e da import\u00e2ncia de manter uma atitude positiva. Com uma energia contagiante, a m\u00fasica nos lembra que, muitas vezes, o pouco \u00e9 mais do que suficiente para aqueles que sabem apreciar a jornada. A can\u00e7\u00e3o incentiva a deixar de lado preocupa\u00e7\u00f5es desnecess\u00e1rias e a encontrar a beleza nas coisas simples, lembrando-nos de que um pensamento positivo pode transformar tudo ao nosso redor.<\/p>\n\n\n\n<p>Nathan Carvalho descreve a faixa como uma das mais especiais de sua carreira, afirmando que a vers\u00e3o ac\u00fastica era um passo natural para essa can\u00e7\u00e3o t\u00e3o significativa. &#8220;Esse som \u00e9 um dos mais especiais da minha carreira e, com certeza, merecia uma vers\u00e3o ac\u00fastica. Fiquei feliz demais com o resultado que conseguimos com essa vers\u00e3o, queria uma nova roupagem mas com a mesma ess\u00eancia. A adi\u00e7\u00e3o do timbre da sanfona somou muito e trouxe ainda mais a quest\u00e3o da leveza. Vida Leve \u00e9 solar, emana boas energias e atrai o melhor vibra\u00e7\u00e3o para novos ciclos\u2026 Sempre h\u00e1 chance para recome\u00e7ar. Minha miss\u00e3o \u00e9 escrever sobre o amor nas suas mais variadas formas e Vida Leve \u00e9 justamente sobre amar a caminhada, carregar no interior a positividade e entender a beleza da simplicidade&#8221;, explica.<\/p>\n\n\n\n<p>Nathan compartilha sua miss\u00e3o de escrever sobre o amor em suas diversas formas e enfatiza que &#8220;Vida Leve&#8221; \u00e9 um hino \u00e0 aprecia\u00e7\u00e3o da jornada, carregando consigo a positividade e a beleza da simplicidade.<\/p>\n\n\n\n<p class=\"has-medium-font-size\">Sobre Nathan Carvalho<\/p>\n\n\n\n<p>Nathan Carvalho \u00e9 um jovem cantor e compositor baiano que, com sua arte e talento, se destaca como um verdadeiro arauto da brasilidade e da ess\u00eancia da Bahia na m\u00fasica brasileira. Com uma capacidade \u00fanica de transformar poesia em letras cativantes, Nathan \u00e9 um artista vers\u00e1til e apaixonado por diversos g\u00eaneros musicais.<\/p>\n\n\n\n<p>Nascido na ensolarada Caetit\u00e9, cidade localizada a mais de 600 quil\u00f4metros da capital Salvador, Nathan Carvalho traz consigo as ra\u00edzes culturais da Bahia em sua m\u00fasica. Seu som \u00e9 um reflexo aut\u00eantico da &#8220;baianidade&#8221;, incorporando elementos de reggae, percuss\u00e3o envolvente e a vibra\u00e7\u00e3o&nbsp;do&nbsp;carnaval.<\/p>\n","protected":false},"excerpt":{"rendered":"<p>Projeto que aposta na brasilidade traz uma nova sonoridade para o trabalho do artista. Ou\u00e7a: https:\/\/lnk.fuga.com\/nathancarvalho_vidaleveacstico O cantor e compositor Nathan Carvalho est\u00e1 prestes a surpreender seus f\u00e3s com uma vers\u00e3o ac\u00fastica incr\u00edvel de seu hit cativante, &#8220;Vida Leve.&#8221; A faixa, que promete enaltecer ainda mais a brasilidade e a mensagem de positividade, ser\u00e1 lan\u00e7ada [&hellip;]<\/p>\n","protected":false},"author":1,"featured_media":1578,"comment_status":"open","ping_status":"open","sticky":false,"template":"","format":"standard","meta":{"footnotes":""},"categories":[27],"tags":[207],"class_list":["post-1573","post","type-post","status-publish","format-standard","has-post-thumbnail","hentry","category-musica","tag-nathan-carvalho"],"_links":{"self":[{"href":"https:\/\/diarioparanaense.com\/index.php?rest_route=\/wp\/v2\/posts\/1573","targetHints":{"allow":["GET"]}}],"collection":[{"href":"https:\/\/diarioparanaense.com\/index.php?rest_route=\/wp\/v2\/posts"}],"about":[{"href":"https:\/\/diarioparanaense.com\/index.php?rest_route=\/wp\/v2\/types\/post"}],"author":[{"embeddable":true,"href":"https:\/\/diarioparanaense.com\/index.php?rest_route=\/wp\/v2\/users\/1"}],"replies":[{"embeddable":true,"href":"https:\/\/diarioparanaense.com\/index.php?rest_route=%2Fwp%2Fv2%2Fcomments&post=1573"}],"version-history":[{"count":1,"href":"https:\/\/diarioparanaense.com\/index.php?rest_route=\/wp\/v2\/posts\/1573\/revisions"}],"predecessor-version":[{"id":1577,"href":"https:\/\/diarioparanaense.com\/index.php?rest_route=\/wp\/v2\/posts\/1573\/revisions\/1577"}],"wp:featuredmedia":[{"embeddable":true,"href":"https:\/\/diarioparanaense.com\/index.php?rest_route=\/wp\/v2\/media\/1578"}],"wp:attachment":[{"href":"https:\/\/diarioparanaense.com\/index.php?rest_route=%2Fwp%2Fv2%2Fmedia&parent=1573"}],"wp:term":[{"taxonomy":"category","embeddable":true,"href":"https:\/\/diarioparanaense.com\/index.php?rest_route=%2Fwp%2Fv2%2Fcategories&post=1573"},{"taxonomy":"post_tag","embeddable":true,"href":"https:\/\/diarioparanaense.com\/index.php?rest_route=%2Fwp%2Fv2%2Ftags&post=1573"}],"curies":[{"name":"wp","href":"https:\/\/api.w.org\/{rel}","templated":true}]}}