{"id":1570,"date":"2023-11-14T15:49:50","date_gmt":"2023-11-14T18:49:50","guid":{"rendered":"https:\/\/diarioparanaense.com\/?p=1570"},"modified":"2023-11-14T15:49:51","modified_gmt":"2023-11-14T18:49:51","slug":"conjunto-choro-seresta-celebra-50-anos-e-se-apresenta-em-almoco-no-baviera","status":"publish","type":"post","link":"https:\/\/diarioparanaense.com\/?p=1570","title":{"rendered":"Conjunto Choro &amp; Seresta celebra 50 anos e se apresenta em almo\u00e7o no Baviera"},"content":{"rendered":"\n<p class=\"has-medium-font-size\">Comemora\u00e7\u00e3o ser\u00e1 no domingo, 19 de novembro, no Centro Hist\u00f3rico de Curitiba<\/p>\n\n\n\n<p>O Choro &amp; Seresta comemora cinco d\u00e9cadas de hist\u00f3ria musical, marcando o momento com um almo\u00e7o especial no Baviera. A comemora\u00e7\u00e3o ser\u00e1 no domingo, 19 de novembro, a partir das 12h30, e promete ser um encontro memor\u00e1vel repleto de nostalgia, belas melodias e muita descontra\u00e7\u00e3o.<\/p>\n\n\n\n<p>O conjunto \u00e9 famoso por suas apresenta\u00e7\u00f5es aos domingos na Feirinha do Largo da Ordem, no Centro Hist\u00f3rico de Curitiba. &#8220;Estamos felizes em trazer o encanto do Choro &amp; Seresta para nossos almo\u00e7os, proporcionando uma experi\u00eancia musical \u00fanica. Este \u00e9 um marco especial para o Baviera e para Curitiba &#8220;, comemora M\u00e1rcio Borges, propriet\u00e1rio do restaurante.<\/p>\n\n\n\n<p>Desde outubro de 2023 o restaurante inovou sua programa\u00e7\u00e3o e agora abre suas portas para o almo\u00e7o todos os dias, al\u00e9m de manter o tradicional hor\u00e1rio noturno di\u00e1rio.<\/p>\n\n\n\n<p>Clayton Silva, flautista e integrante do conjunto, ressalta a alegria de celebrar meio s\u00e9culo de paix\u00e3o pela m\u00fasica e tradi\u00e7\u00e3o do choro. A caminhada do grupo, segundo ele, tem sido repleta de harmonia, amizade e paix\u00e3o pela m\u00fasica brasileira, que transcende gera\u00e7\u00f5es.<\/p>\n\n\n\n<p>&#8220;Durante o almo\u00e7o no Baviera, o Choro &amp; Seresta ir\u00e1 apresentar uma sele\u00e7\u00e3o de m\u00fasicas instrumentais de choro, incluindo obras de renomados artistas como Waldir de Azevedo, Jac\u00f3 do Bandolim, Zequinha de Abreu e Chiquinha Gonzaga&#8221;, destaca.<\/p>\n\n\n\n<p>Al\u00e9m disso, o repert\u00f3rio incluir\u00e1 composi\u00e7\u00f5es pr\u00f3prias e de outros artistas curitibanos, proporcionando uma experi\u00eancia \u00fanica para os amantes da m\u00fasica brasileira.<\/p>\n\n\n\n<p><strong>Servi\u00e7o<\/strong>:<\/p>\n\n\n\n<p><strong>50 anos de Choro &amp; Seresta no Baviera<br>Data<\/strong>: domingo, 19 de novembro de 2023.<br><strong>Hor\u00e1rio<\/strong>: 12h30<br><strong>Endere\u00e7o<\/strong>: Rua Augusto Stellfeld, 18 \u2013 Centro Hist\u00f3rico<br><strong>Site com card\u00e1pio completo:<\/strong><a href=\"https:\/\/www.cantinabaviera.com.br\/cardapio\" target=\"_blank\" rel=\"noreferrer noopener\"> https:\/\/www.cantinabaviera.com.br\/cardapio<\/a><br><strong>Instagram<\/strong>:\u00a0@cantinabaviera<\/p>\n","protected":false},"excerpt":{"rendered":"<p>Comemora\u00e7\u00e3o ser\u00e1 no domingo, 19 de novembro, no Centro Hist\u00f3rico de Curitiba O Choro &amp; Seresta comemora cinco d\u00e9cadas de hist\u00f3ria musical, marcando o momento com um almo\u00e7o especial no Baviera. A comemora\u00e7\u00e3o ser\u00e1 no domingo, 19 de novembro, a partir das 12h30, e promete ser um encontro memor\u00e1vel repleto de nostalgia, belas melodias e [&hellip;]<\/p>\n","protected":false},"author":1,"featured_media":1571,"comment_status":"open","ping_status":"open","sticky":false,"template":"","format":"standard","meta":{"footnotes":""},"categories":[186,338,27],"tags":[414],"class_list":["post-1570","post","type-post","status-publish","format-standard","has-post-thumbnail","hentry","category-eventos","category-gastronomia","category-musica","tag-choro-seresta-no-baviera"],"_links":{"self":[{"href":"https:\/\/diarioparanaense.com\/index.php?rest_route=\/wp\/v2\/posts\/1570","targetHints":{"allow":["GET"]}}],"collection":[{"href":"https:\/\/diarioparanaense.com\/index.php?rest_route=\/wp\/v2\/posts"}],"about":[{"href":"https:\/\/diarioparanaense.com\/index.php?rest_route=\/wp\/v2\/types\/post"}],"author":[{"embeddable":true,"href":"https:\/\/diarioparanaense.com\/index.php?rest_route=\/wp\/v2\/users\/1"}],"replies":[{"embeddable":true,"href":"https:\/\/diarioparanaense.com\/index.php?rest_route=%2Fwp%2Fv2%2Fcomments&post=1570"}],"version-history":[{"count":1,"href":"https:\/\/diarioparanaense.com\/index.php?rest_route=\/wp\/v2\/posts\/1570\/revisions"}],"predecessor-version":[{"id":1572,"href":"https:\/\/diarioparanaense.com\/index.php?rest_route=\/wp\/v2\/posts\/1570\/revisions\/1572"}],"wp:featuredmedia":[{"embeddable":true,"href":"https:\/\/diarioparanaense.com\/index.php?rest_route=\/wp\/v2\/media\/1571"}],"wp:attachment":[{"href":"https:\/\/diarioparanaense.com\/index.php?rest_route=%2Fwp%2Fv2%2Fmedia&parent=1570"}],"wp:term":[{"taxonomy":"category","embeddable":true,"href":"https:\/\/diarioparanaense.com\/index.php?rest_route=%2Fwp%2Fv2%2Fcategories&post=1570"},{"taxonomy":"post_tag","embeddable":true,"href":"https:\/\/diarioparanaense.com\/index.php?rest_route=%2Fwp%2Fv2%2Ftags&post=1570"}],"curies":[{"name":"wp","href":"https:\/\/api.w.org\/{rel}","templated":true}]}}