{"id":1561,"date":"2023-11-14T11:07:00","date_gmt":"2023-11-14T14:07:00","guid":{"rendered":"https:\/\/diarioparanaense.com\/?p=1561"},"modified":"2023-11-14T11:08:50","modified_gmt":"2023-11-14T14:08:50","slug":"movimento-e-vida","status":"publish","type":"post","link":"https:\/\/diarioparanaense.com\/?p=1561","title":{"rendered":"Movimento \u00e9 VIDA"},"content":{"rendered":"\n<p class=\"has-medium-font-size\">Como o psicomotricismo pode auxiliar na vida de pessoas da terceira idade<\/p>\n\n\n\n<p>O envelhecimento \u00e9 uma etapa natural da vida, por\u00e9m isso n\u00e3o a impede de vir com diversos desafios como mobilidade, cogni\u00e7\u00e3o e bem-estar emocional. \u00c0 medida que a popula\u00e7\u00e3o envelhece, a busca por abordagens terap\u00eauticas que promovam a qualidade de vida torna-se fundamental, e \u00e9 aqui que a Psicomotricidade e a fisioterapia se destacam como ferramenta valiosa.<\/p>\n\n\n\n<p>&#8220;A Psicomotricidade visa promover a conex\u00e3o entre mente e corpo por meio do movimento. Essa abordagem n\u00e3o s\u00f3 melhora a mobilidade f\u00edsica, mas tamb\u00e9m promove maior equil\u00edbrio mental e emocional. Na terceira idade, esses s\u00e3o aspectos important\u00edssimos para a manuten\u00e7\u00e3o do bem estar f\u00edsico e funcional, em um momento onde as limita\u00e7\u00f5es podem levar a um estado de des\u00e2nimo, senso de inutilidade, depressao, ansiedades e outros&#8221; Diz Fabiana Riskalla, fisioterapeuta e Psicomotricista Relacional.<\/p>\n\n\n\n<p>O envelhecimento traz problemas de mobilidade, desgastes \u00f3sseos, encurtamentos, fraqueza muscular, redu\u00e7\u00e3o proprioceptiva e muitas outras condi\u00e7\u00f5es.<br>Na Psicomotricidade o corpo \u00e9 trabalhado de forma global, atrav\u00e9s de exerc\u00edcios espec\u00edficos (fortalecimento muscular, equil\u00edbrio,flexibilidade, proprioceptivos e outros) melhorando a autonomia reaprendendo movimentos funcionais, reduzindo o risco de quedas e mantendo o conforto e bem estar tao importantes neste momento da vida.<\/p>\n\n\n\n<p>O aspecto cognitivo- emocional sempre \u00e9 envolvido nas sess\u00f5es, como fundamental na promo\u00e7\u00e3o de um bem estar sist\u00eamico e efetivamente em transformar pequenos Movimentos em gigantes Conquistas. Nome do programa de Fisioterapia e Psicomotricidade Domiciliar da Dra. FabianaRiskalla.<br>&#8220;Pequenos Movimentos inspiram ao reaprender Movimentos e atividades funcionais do cotidiano da pessoa, que deixou de realizar, e este reviver de pequenos instantes que faziam parte desta vida, trazem vida na VIDA e com isto possibilidades de se sentir \u00fatil, mais pertencente, onde sorrisos s\u00e3o vistos com mais frequ\u00eancia. N\u00e3o abro m\u00e3o deste programa que respira Vida&#8221;<\/p>\n\n\n\n<p><strong>Servi\u00e7o<\/strong>: <strong>Fabiana Riskalla<\/strong><br><strong>Fisioterapia e Psicomotricidade<\/strong><\/p>\n\n\n\n<p><strong>Email<\/strong>: fabianariskalla@gmail.com<\/p>\n\n\n\n<p><strong>Instagram<\/strong>: @fabianariskalla<\/p>\n\n\n\n<p><strong>Telefone<\/strong>: 41 984591078<\/p>\n\n\n\n<p>Rua Padre Anchieta 2454 sala&nbsp;1601&nbsp;Bigorrilho<\/p>\n","protected":false},"excerpt":{"rendered":"<p>Como o psicomotricismo pode auxiliar na vida de pessoas da terceira idade O envelhecimento \u00e9 uma etapa natural da vida, por\u00e9m isso n\u00e3o a impede de vir com diversos desafios como mobilidade, cogni\u00e7\u00e3o e bem-estar emocional. \u00c0 medida que a popula\u00e7\u00e3o envelhece, a busca por abordagens terap\u00eauticas que promovam a qualidade de vida torna-se fundamental, [&hellip;]<\/p>\n","protected":false},"author":1,"featured_media":1568,"comment_status":"open","ping_status":"open","sticky":false,"template":"","format":"standard","meta":{"footnotes":""},"categories":[29],"tags":[412],"class_list":["post-1561","post","type-post","status-publish","format-standard","has-post-thumbnail","hentry","category-artigos","tag-fabiana-riskalla"],"_links":{"self":[{"href":"https:\/\/diarioparanaense.com\/index.php?rest_route=\/wp\/v2\/posts\/1561","targetHints":{"allow":["GET"]}}],"collection":[{"href":"https:\/\/diarioparanaense.com\/index.php?rest_route=\/wp\/v2\/posts"}],"about":[{"href":"https:\/\/diarioparanaense.com\/index.php?rest_route=\/wp\/v2\/types\/post"}],"author":[{"embeddable":true,"href":"https:\/\/diarioparanaense.com\/index.php?rest_route=\/wp\/v2\/users\/1"}],"replies":[{"embeddable":true,"href":"https:\/\/diarioparanaense.com\/index.php?rest_route=%2Fwp%2Fv2%2Fcomments&post=1561"}],"version-history":[{"count":1,"href":"https:\/\/diarioparanaense.com\/index.php?rest_route=\/wp\/v2\/posts\/1561\/revisions"}],"predecessor-version":[{"id":1566,"href":"https:\/\/diarioparanaense.com\/index.php?rest_route=\/wp\/v2\/posts\/1561\/revisions\/1566"}],"wp:featuredmedia":[{"embeddable":true,"href":"https:\/\/diarioparanaense.com\/index.php?rest_route=\/wp\/v2\/media\/1568"}],"wp:attachment":[{"href":"https:\/\/diarioparanaense.com\/index.php?rest_route=%2Fwp%2Fv2%2Fmedia&parent=1561"}],"wp:term":[{"taxonomy":"category","embeddable":true,"href":"https:\/\/diarioparanaense.com\/index.php?rest_route=%2Fwp%2Fv2%2Fcategories&post=1561"},{"taxonomy":"post_tag","embeddable":true,"href":"https:\/\/diarioparanaense.com\/index.php?rest_route=%2Fwp%2Fv2%2Ftags&post=1561"}],"curies":[{"name":"wp","href":"https:\/\/api.w.org\/{rel}","templated":true}]}}