{"id":1549,"date":"2023-11-13T10:06:45","date_gmt":"2023-11-13T13:06:45","guid":{"rendered":"https:\/\/diarioparanaense.com\/?p=1549"},"modified":"2023-11-13T10:06:45","modified_gmt":"2023-11-13T13:06:45","slug":"faria-lanca-novo-single-blackout-um-pop-profundo-que-marca-sua-nova-era-musical","status":"publish","type":"post","link":"https:\/\/diarioparanaense.com\/?p=1549","title":{"rendered":"Faria lan\u00e7a novo single &#8220;Blackout&#8221;, um pop profundo que marca sua nova era musical"},"content":{"rendered":"\n<p class=\"has-medium-font-size\">Dedicando a nova faixa ao seu namorado, cantor e compositor abre os lan\u00e7amentos de seu novo \u00e1lbum &#8220;CORA\u00c7\u00c3O DESERTO&#8221;<\/p>\n\n\n\n<p>Nesta sexta-feira (10), o cantor e compositor Faria lan\u00e7a seu mais novo single \u201cBlackout\u201d. A faixa chega abrindo os lan\u00e7amentos de seu mais novo \u00e1lbum \u201cCORA\u00c7\u00c3O DESERTO\u201d, que conta um pouco sobre sua jornada de autodescoberta e marca uma nova fase na carreira do artista carioca.<br>Segundo Faria, o surgimento da can\u00e7\u00e3o aconteceu no momento em que estava preparando o repert\u00f3rio desse novo projeto. Mesmo j\u00e1 tendo alguns singles preparados, sentiu que ainda n\u00e3o tinha a faixa ideal para abrir esse trabalho. \u201cEu queria uma m\u00fasica um pouco mais explosiva e mais forte de emo\u00e7\u00e3o, porque sou uma pessoa calma, ent\u00e3o para poder fazer um pop um pouco mais agressivo, eu precisava entrar em um consenso de uma sonoridade que combinasse comigo e com uma letra diferente\u201d, conta.<\/p>\n\n\n\n<p>Foi ent\u00e3o que, em uma colabora\u00e7\u00e3o criativa envolvendo diversos talentosos compositores, Faria se reuniu com Mica Cond\u00e9, Ayla Albuquerque, Bibi e Jenni Mosello, no est\u00fadio de Lucas Vaz, em S\u00e3o Paulo. Durante esse encontro, eles discutiram ideias e sentimentos, incluindo o estado de esp\u00edrito de Faria na \u00e9poca e a mensagem que ele desejava transmitir. Juntos, criaram uma composi\u00e7\u00e3o que captura a ess\u00eancia de um pop cativante, mantendo uma narrativa mais complexa.<\/p>\n\n\n\n<p>\u201cEsse processo foi muito legal, porque eu tenho o costume de escrever m\u00fasicas sozinho, mas como estava buscando algo diferente, a gente fez essa m\u00fasica num song camp com compositores que eu sempre admirei. Na verdade, cada pessoa trouxe um pouco das suas peculiaridades, a gente fez um briefing de como eu estava me sentindo, e foi muito louco porque ao compor com pessoas que \u00e0s vezes voc\u00ea n\u00e3o t\u00eam tanta intimidade, voc\u00ea tem que expor sua vulnerabilidade e demonstrar como voc\u00ea se sente\u201d, afirma.<\/p>\n\n\n\n<p>Brincando com os conceitos de luz e sombra, a letra do single, que traz uma sonoridade do pop urbano, aborda o tema da paix\u00e3o e do amor, embora de uma maneira que evite clich\u00eas. Os versos exploram como um relacionamento amoroso pode levar algu\u00e9m a se conhecer melhor, destacando os aspectos positivos da rela\u00e7\u00e3o. A m\u00fasica busca transmitir a ideia de que esse sentimento pode ser transformador, mas sem ser algo que define a pr\u00f3pria identidade. \u201cA gente quis falar de uma rela\u00e7\u00e3o leve, positiva e uma rela\u00e7\u00e3o gostosa de se viver, mas que ao mesmo tempo te ajuda e n\u00e3o te faz depender\u201d, diz.<\/p>\n\n\n\n<p>Em todas as can\u00e7\u00f5es do \u00e1lbum, Faria passa por temas como relacionamentos e sexualidade. \u201cA minha sexualidade, eu sou bissexual, \u00e9 uma descoberta muito recente, eu me assumi em julho do ano passado e esse trabalho veio junto com isso pra contar toda uma hist\u00f3ria de dentro de mim. \u00c9 a primeira vez que eu sinto p\u00e9 firme pra falar a respeito\u201d, diz.<\/p>\n\n\n\n<p>Esse single em especial, o artista fez para seu atual namorado, o ator e cantor Tom Cabral. \u201cMeu namorado \u00e9 muito meu amigo e a gente criou essa rela\u00e7\u00e3o, ele tamb\u00e9m \u00e9 um profissional do meio, ele \u00e9 ator, cantor e compositor. Ent\u00e3o, pra mim foi muito tranquilo falar sobre a gente. O meu relacionamento atual me proporciona uma felicidade muito grande, vou fazer um ano de namoro, isso \u00e9 algo que eu falo nas minhas m\u00fasicas, n\u00e3o tenho o menor problema de expor. Mesmo se algum dia n\u00e3o der mais certo, temos um relacionamento t\u00e3o leve que seguiremos sendo amigos\u201d, revelou.<\/p>\n\n\n\n<p>Com muitas expectativas com esse lan\u00e7amento, Faria afirma esperar que esse single seja uma virada de chave em sua carreira. \u201c\u00c9 claro que s\u00e3o etapas. Eu t\u00f4 trabalhando h\u00e1 cinco anos no mercado fonogr\u00e1fico e sei que, ainda mais sendo artista independente e n\u00e3o tendo um or\u00e7amento de artista gigantesco, tudo \u00e9 muito aos poucos. N\u00e3o espero uma fama absurda e nada disso, mas entendo cada lan\u00e7amento como uma pequena etapa. Estou apostando todas as minhas fichas nesse lan\u00e7amento, por ser uma m\u00fasica muito mais profunda, por ser um pop profundo, acho que as pessoas est\u00e3o muito nessa&nbsp;vibe\u201d&nbsp;declara.<\/p>\n","protected":false},"excerpt":{"rendered":"<p>Dedicando a nova faixa ao seu namorado, cantor e compositor abre os lan\u00e7amentos de seu novo \u00e1lbum &#8220;CORA\u00c7\u00c3O DESERTO&#8221; Nesta sexta-feira (10), o cantor e compositor Faria lan\u00e7a seu mais novo single \u201cBlackout\u201d. A faixa chega abrindo os lan\u00e7amentos de seu mais novo \u00e1lbum \u201cCORA\u00c7\u00c3O DESERTO\u201d, que conta um pouco sobre sua jornada de autodescoberta [&hellip;]<\/p>\n","protected":false},"author":1,"featured_media":1550,"comment_status":"open","ping_status":"open","sticky":false,"template":"","format":"standard","meta":{"footnotes":""},"categories":[27],"tags":[406,407],"class_list":["post-1549","post","type-post","status-publish","format-standard","has-post-thumbnail","hentry","category-musica","tag-coracao-deserto","tag-faria"],"_links":{"self":[{"href":"https:\/\/diarioparanaense.com\/index.php?rest_route=\/wp\/v2\/posts\/1549","targetHints":{"allow":["GET"]}}],"collection":[{"href":"https:\/\/diarioparanaense.com\/index.php?rest_route=\/wp\/v2\/posts"}],"about":[{"href":"https:\/\/diarioparanaense.com\/index.php?rest_route=\/wp\/v2\/types\/post"}],"author":[{"embeddable":true,"href":"https:\/\/diarioparanaense.com\/index.php?rest_route=\/wp\/v2\/users\/1"}],"replies":[{"embeddable":true,"href":"https:\/\/diarioparanaense.com\/index.php?rest_route=%2Fwp%2Fv2%2Fcomments&post=1549"}],"version-history":[{"count":1,"href":"https:\/\/diarioparanaense.com\/index.php?rest_route=\/wp\/v2\/posts\/1549\/revisions"}],"predecessor-version":[{"id":1551,"href":"https:\/\/diarioparanaense.com\/index.php?rest_route=\/wp\/v2\/posts\/1549\/revisions\/1551"}],"wp:featuredmedia":[{"embeddable":true,"href":"https:\/\/diarioparanaense.com\/index.php?rest_route=\/wp\/v2\/media\/1550"}],"wp:attachment":[{"href":"https:\/\/diarioparanaense.com\/index.php?rest_route=%2Fwp%2Fv2%2Fmedia&parent=1549"}],"wp:term":[{"taxonomy":"category","embeddable":true,"href":"https:\/\/diarioparanaense.com\/index.php?rest_route=%2Fwp%2Fv2%2Fcategories&post=1549"},{"taxonomy":"post_tag","embeddable":true,"href":"https:\/\/diarioparanaense.com\/index.php?rest_route=%2Fwp%2Fv2%2Ftags&post=1549"}],"curies":[{"name":"wp","href":"https:\/\/api.w.org\/{rel}","templated":true}]}}