{"id":1543,"date":"2023-11-10T09:27:09","date_gmt":"2023-11-10T12:27:09","guid":{"rendered":"https:\/\/diarioparanaense.com\/?p=1543"},"modified":"2023-11-10T09:27:10","modified_gmt":"2023-11-10T12:27:10","slug":"quando-as-obrigacoes-financeiras-sobrevivem-a-morte","status":"publish","type":"post","link":"https:\/\/diarioparanaense.com\/?p=1543","title":{"rendered":"Quando as Obriga\u00e7\u00f5es Financeiras Sobrevivem \u00e0 Morte"},"content":{"rendered":"\n<p class=\"has-medium-font-size\">Entenda o que \u00e9 passado a diante como heran\u00e7a e se \u00e9 necess\u00e1rio se preocupar ainda em vida<\/p>\n\n\n\n<p>No complexo mundo das finan\u00e7as e sucess\u00f5es, existe uma antiga pergunta que paira no ar: as d\u00edvidas de um ente querido podem se tornar heran\u00e7a? A resposta \u00e9 sim, mas com algumas nuances que merecem aten\u00e7\u00e3o.<\/p>\n\n\n\n<p>&#8220;Quando algu\u00e9m falece, suas d\u00edvidas n\u00e3o desaparecem automaticamente. Muito pelo contr\u00e1rio, essas obriga\u00e7\u00f5es financeiras s\u00e3o transferidas para sua heran\u00e7a, mas normalmente n\u00e3o para seus herdeiros, que podem ficar respons\u00e1veis por quitar essas d\u00edvidas com bens e ativos deixados pelo falecido.&#8221; Diz a advogada Amanda Gimenes, especialista em direito familiar e de heran\u00e7a.<\/p>\n\n\n\n<p>O que \u00e9 impressionante \u00e9 que, em alguns casos, os herdeiros podem at\u00e9 mesmo ser pessoalmente responsabilizados por d\u00edvidas, indo al\u00e9m do dinheiro da heran\u00e7a.<\/p>\n\n\n\n<p>&#8220;Isso pode acontecer em algumas circunst\u00e2ncias espec\u00edficas, caso a heran\u00e7a seja uma garantia de uma d\u00edvida, como uma hipoteca, ele pode se tornar respons\u00e1vel por continuar os pagamentos para evitar a perda dos ativos, ou em casos de d\u00edvidas fiscais ao governo por exemplo.&#8221; Diz a especialista.<\/p>\n\n\n\n<p>O primeiro passo para lidar com a heran\u00e7a de d\u00edvidas \u00e9 entender a natureza das obriga\u00e7\u00f5es financeiras em quest\u00e3o. Isso envolve identificar quais d\u00edvidas est\u00e3o pendentes, seus valores e credores. As d\u00edvidas podem variar desde empr\u00e9stimos pessoais, hipotecas, cart\u00f5es de cr\u00e9dito, impostos devidos, pens\u00f5es aliment\u00edcias e muito mais.<\/p>\n\n\n\n<p>Os herdeiros devem lembrar que, em muitos casos, as d\u00edvidas s\u00e3o pagas utilizando a heran\u00e7a antes mesmo da sua distribu\u00ed\u00e7\u00e3o. Se os ativos n\u00e3o forem suficientes para cobrir todas as d\u00edvidas, a heran\u00e7a pode ser usada para pagar as d\u00edvidas de forma proporcional, seguindo as regras legais espec\u00edficas da jurisdi\u00e7\u00e3o.<\/p>\n\n\n\n<p>\u00c9 importante consultar um advogado especializado em sucess\u00f5es e planejamento patrimonial para entender os aspectos legais e proteger os interesses dos herdeiros. Em muitos casos as empresas ir\u00e3o tentar cobrar, mas o pagamento n\u00e3o \u00e9 obrigat\u00f3rio, logo sempre consulte seu advogado antes de qualquer tipo de negocia\u00e7\u00e3o.<\/p>\n\n\n\n<p><strong>Servi\u00e7o<\/strong>: Amanda Gimenes Coutinho<br><strong>Advogada Familiar<br><\/strong>41 99829-4222<br>@adv.amandagimenes<br>adv.amandagimenes<br><a href=\"http:\/\/www.advamandagimenes.com.br\">www.advamandagimenes.com.br<br><\/a>NEO SuperQuadra &#8211; R. Heitor Stockler de Fran\u00e7a, 396 &#8211; Conjunto 1703 &#8211; Centro C\u00edvico,\u00a0Curitiba\u00a0&#8211;\u00a0PR.<\/p>\n","protected":false},"excerpt":{"rendered":"<p>Entenda o que \u00e9 passado a diante como heran\u00e7a e se \u00e9 necess\u00e1rio se preocupar ainda em vida No complexo mundo das finan\u00e7as e sucess\u00f5es, existe uma antiga pergunta que paira no ar: as d\u00edvidas de um ente querido podem se tornar heran\u00e7a? A resposta \u00e9 sim, mas com algumas nuances que merecem aten\u00e7\u00e3o. &#8220;Quando [&hellip;]<\/p>\n","protected":false},"author":1,"featured_media":1544,"comment_status":"open","ping_status":"open","sticky":false,"template":"","format":"standard","meta":{"footnotes":""},"categories":[29],"tags":[404],"class_list":["post-1543","post","type-post","status-publish","format-standard","has-post-thumbnail","hentry","category-artigos","tag-amanda-gimenes-coutinho"],"_links":{"self":[{"href":"https:\/\/diarioparanaense.com\/index.php?rest_route=\/wp\/v2\/posts\/1543","targetHints":{"allow":["GET"]}}],"collection":[{"href":"https:\/\/diarioparanaense.com\/index.php?rest_route=\/wp\/v2\/posts"}],"about":[{"href":"https:\/\/diarioparanaense.com\/index.php?rest_route=\/wp\/v2\/types\/post"}],"author":[{"embeddable":true,"href":"https:\/\/diarioparanaense.com\/index.php?rest_route=\/wp\/v2\/users\/1"}],"replies":[{"embeddable":true,"href":"https:\/\/diarioparanaense.com\/index.php?rest_route=%2Fwp%2Fv2%2Fcomments&post=1543"}],"version-history":[{"count":1,"href":"https:\/\/diarioparanaense.com\/index.php?rest_route=\/wp\/v2\/posts\/1543\/revisions"}],"predecessor-version":[{"id":1545,"href":"https:\/\/diarioparanaense.com\/index.php?rest_route=\/wp\/v2\/posts\/1543\/revisions\/1545"}],"wp:featuredmedia":[{"embeddable":true,"href":"https:\/\/diarioparanaense.com\/index.php?rest_route=\/wp\/v2\/media\/1544"}],"wp:attachment":[{"href":"https:\/\/diarioparanaense.com\/index.php?rest_route=%2Fwp%2Fv2%2Fmedia&parent=1543"}],"wp:term":[{"taxonomy":"category","embeddable":true,"href":"https:\/\/diarioparanaense.com\/index.php?rest_route=%2Fwp%2Fv2%2Fcategories&post=1543"},{"taxonomy":"post_tag","embeddable":true,"href":"https:\/\/diarioparanaense.com\/index.php?rest_route=%2Fwp%2Fv2%2Ftags&post=1543"}],"curies":[{"name":"wp","href":"https:\/\/api.w.org\/{rel}","templated":true}]}}