{"id":1539,"date":"2023-11-10T09:23:25","date_gmt":"2023-11-10T12:23:25","guid":{"rendered":"https:\/\/diarioparanaense.com\/?p=1539"},"modified":"2023-11-10T09:23:26","modified_gmt":"2023-11-10T12:23:26","slug":"a-data-importante-que-voce-nao-conhecia-dia-nacional-de-prevencao-e-combate-a-surdez-10-11","status":"publish","type":"post","link":"https:\/\/diarioparanaense.com\/?p=1539","title":{"rendered":"A data importante que voc\u00ea n\u00e3o conhecia, Dia Nacional de Preven\u00e7\u00e3o e Combate \u00e0 Surdez (10\/11)"},"content":{"rendered":"\n<blockquote class=\"wp-block-quote is-layout-flow wp-block-quote-is-layout-flow\">\n<p>A data importante que voc\u00ea n\u00e3o conhecia, Dia Nacional de Preven\u00e7\u00e3o e Combate \u00e0 Surdez (10\/11)<\/p>\n<\/blockquote>\n\n\n\n<p><strong>Ou\u00e7a as recomenda\u00e7\u00f5es m\u00e9dicas antes que seja tarde<\/strong><\/p>\n\n\n\n<p>Dez de novembro, Dia Nacional de Preven\u00e7\u00e3o e Combate \u00e0 Surdez, um momento para entender sobre a import\u00e2ncia da audi\u00e7\u00e3o na vida de uma pessoa e como a falta dela pode ser prejudicial para seu bem-estar e sa\u00fade.<\/p>\n\n\n\n<p>A perda de audi\u00e7\u00e3o pode ter um impacto profundo na vida de uma pessoa, afetando sua comunica\u00e7\u00e3o, relacionamentos e qualidade de vida. A dificuldade em ouvir e entender conversas, pode gerar estresse, ansiedade e at\u00e9 levar ao isolamento apenas de pensar em participar em algum evento ou intera\u00e7\u00e3o social. Al\u00e9m disso, a perda auditiva pode limitar oportunidades profissionais e de aprendizado, prejudicando sua independ\u00eancia e evolu\u00e7\u00e3o pessoal.<\/p>\n\n\n\n<p>Para ajudar na conscientiza\u00e7\u00e3o e normaliza\u00e7\u00e3o da busca por tratamento, pedimos ajuda a Fonocenter, uma empresa formada por 11 profissionais fonoaudiol\u00f3gos especializados que tem como objetivo trazer um atendimento excepcional, casando o problema com uma solu\u00e7\u00e3o personalizada.<\/p>\n\n\n\n<p>&#8220;Ap\u00f3s o diagn\u00f3stico da perda auditiva pelo fonoaudi\u00f3logo, no tratamento, s\u00e3o realizadas as etapas de sele\u00e7\u00e3o, protetiza\u00e7\u00e3o e adapta\u00e7\u00e3o do aparelho auditivo. Cada aparelho \u00e9 \u00fanico e necessita de uma calibragem exclusiva. Pensando no conforto do paciente, a Fonocenter, atrav\u00e9s do Programa de Relacionamento com o Paciente, realiza o acompanhamento necess\u00e1rio durante o per\u00edodo de adapta\u00e7\u00e3o, garantindo a melhor reabilita\u00e7\u00e3o auditiva aos pacientes.&#8221; Diz Willian Ramos, rela\u00e7\u00f5es p\u00fablicas da Fonocenter, empresa especializada em fonoaudi\u00f3logia e pr\u00f3teses auditivas.<\/p>\n\n\n\n<p>Para uma maior efetividade \u00e9 necess\u00e1rio lidar com o problema e seus sintomas o mais r\u00e1pido poss\u00edvel, recuperando a capacidade de audi\u00e7\u00e3o e de intera\u00e7\u00e3o social, melhorando a qualidade de vida desde o curto at\u00e9 o longo prazo.<\/p>\n\n\n\n<p>Mas se \u00e9 algo t\u00e3o s\u00e9rio como podemos ajudar e prevenir a redu\u00e7\u00e3o auditiva? \u00c9 necess\u00e1rio agendar uma consulta com profissionais especializados como otorrinolaringologistas e fonoaudi\u00f3logos, mesmo que de rotina, para descobrir o problema cedo, facilitando o tratamento.<\/p>\n\n\n\n<p>Ent\u00e3o n\u00e3o deixe de lado aquele pequeno zumbido no ouvido, nesse dia de preven\u00e7\u00e3o \u00e0 surdez evite que o mundo se cale para voc\u00ea, fa\u00e7a sua consulta e tenha uma vida mais feliz e cheia de m\u00fasica e harmonia.<\/p>\n\n\n\n<p><strong>Servi\u00e7o: Fonocenter Batel Aparelhos Auditivos LTDA<\/strong><\/p>\n\n\n\n<p>(41) 3078-3500<\/p>\n\n\n\n<p>@fonocentercwb<\/p>\n\n\n\n<p><a href=\"http:\/\/www.fonocentercuritiba.com.br\">www.fonocentercuritiba.com.br<\/a><\/p>\n","protected":false},"excerpt":{"rendered":"<p>A data importante que voc\u00ea n\u00e3o conhecia, Dia Nacional de Preven\u00e7\u00e3o e Combate \u00e0 Surdez (10\/11) Ou\u00e7a as recomenda\u00e7\u00f5es m\u00e9dicas antes que seja tarde Dez de novembro, Dia Nacional de Preven\u00e7\u00e3o e Combate \u00e0 Surdez, um momento para entender sobre a import\u00e2ncia da audi\u00e7\u00e3o na vida de uma pessoa e como a falta dela pode [&hellip;]<\/p>\n","protected":false},"author":1,"featured_media":1540,"comment_status":"open","ping_status":"open","sticky":false,"template":"","format":"standard","meta":{"footnotes":""},"categories":[29,164],"tags":[403],"class_list":["post-1539","post","type-post","status-publish","format-standard","has-post-thumbnail","hentry","category-artigos","category-saude-2","tag-fonocenter-batel-aparelhos-auditivos"],"_links":{"self":[{"href":"https:\/\/diarioparanaense.com\/index.php?rest_route=\/wp\/v2\/posts\/1539","targetHints":{"allow":["GET"]}}],"collection":[{"href":"https:\/\/diarioparanaense.com\/index.php?rest_route=\/wp\/v2\/posts"}],"about":[{"href":"https:\/\/diarioparanaense.com\/index.php?rest_route=\/wp\/v2\/types\/post"}],"author":[{"embeddable":true,"href":"https:\/\/diarioparanaense.com\/index.php?rest_route=\/wp\/v2\/users\/1"}],"replies":[{"embeddable":true,"href":"https:\/\/diarioparanaense.com\/index.php?rest_route=%2Fwp%2Fv2%2Fcomments&post=1539"}],"version-history":[{"count":1,"href":"https:\/\/diarioparanaense.com\/index.php?rest_route=\/wp\/v2\/posts\/1539\/revisions"}],"predecessor-version":[{"id":1541,"href":"https:\/\/diarioparanaense.com\/index.php?rest_route=\/wp\/v2\/posts\/1539\/revisions\/1541"}],"wp:featuredmedia":[{"embeddable":true,"href":"https:\/\/diarioparanaense.com\/index.php?rest_route=\/wp\/v2\/media\/1540"}],"wp:attachment":[{"href":"https:\/\/diarioparanaense.com\/index.php?rest_route=%2Fwp%2Fv2%2Fmedia&parent=1539"}],"wp:term":[{"taxonomy":"category","embeddable":true,"href":"https:\/\/diarioparanaense.com\/index.php?rest_route=%2Fwp%2Fv2%2Fcategories&post=1539"},{"taxonomy":"post_tag","embeddable":true,"href":"https:\/\/diarioparanaense.com\/index.php?rest_route=%2Fwp%2Fv2%2Ftags&post=1539"}],"curies":[{"name":"wp","href":"https:\/\/api.w.org\/{rel}","templated":true}]}}