{"id":1530,"date":"2023-11-09T09:17:53","date_gmt":"2023-11-09T12:17:53","guid":{"rendered":"https:\/\/diarioparanaense.com\/?p=1530"},"modified":"2023-11-09T09:17:54","modified_gmt":"2023-11-09T12:17:54","slug":"criancas-de-almirante-tamandare-ilustram-calendario-de-advento-do-projeto-dorcas","status":"publish","type":"post","link":"https:\/\/diarioparanaense.com\/?p=1530","title":{"rendered":"Crian\u00e7as de Almirante Tamandar\u00e9 ilustram calend\u00e1rio de Advento do Projeto Dorcas"},"content":{"rendered":"\n<blockquote class=\"wp-block-quote is-layout-flow wp-block-quote-is-layout-flow\">\n<p>Conhe\u00e7a essa tradi\u00e7\u00e3o alem\u00e3 de Natal e presenteie com um objeto \u00fanico e muito simb\u00f3lico<\/p>\n<\/blockquote>\n\n\n\n<p>Voc\u00ea conhece o Calend\u00e1rio de Advento? O termo significa \u201cchegada\u201d, e simboliza o m\u00eas que antecede o Natal. Com um calend\u00e1rio em que h\u00e1 24 janelinhas numeradas, as crian\u00e7as podem fazer a contagem regressiva, abrindo uma por dia, at\u00e9 a principal celebra\u00e7\u00e3o do ano. Isso diminui a ansiedade pela festa, mas tamb\u00e9m ensina a valorizar esse momento.<\/p>\n\n\n\n<p>A tradi\u00e7\u00e3o \u00e9 original da Alemanha, mas se difundiu e conquista cada vez mais simpatizantes no Brasil. No Projeto Dorcas, cerca de 300 crian\u00e7as e adolescentes de Almirante Tamandar\u00e9, com idades entre 4 e 21 anos, produzem a arte dos calend\u00e1rios desde 2018.<\/p>\n\n\n\n<p>O produto \u00e9 vendido como forma de difundir o esp\u00edrito do Natal entre as fam\u00edlias e tamb\u00e9m para ajudar a financiar o trabalho do Dorcas. O projeto recebe as crian\u00e7as de segunda a s\u00e1bado, durante o contraturno escolar, servindo quatro refei\u00e7\u00f5es di\u00e1rias, h\u00e1 28 anos.<\/p>\n\n\n\n<p>\u201cNossas crian\u00e7as sempre ilustram o calend\u00e1rio com muito carinho, e neste ano se inspiraram nas brincadeiras que fazem juntas\u201d, conta a diretora Darcle Cunha.<\/p>\n\n\n\n<p>Dentro de cada janelinha, a crian\u00e7a encontra uma tarefa a ser cumprida no dia: fazer bolachas de Natal, assistir a um filme em fam\u00edlia, fazer uma boa a\u00e7\u00e3o e tudo o mais que pertence ao esp\u00edrito do Natal &#8211; mas que podemos cultivar o ano inteiro.<\/p>\n\n\n\n<p class=\"has-medium-font-size\">Saiba mais sobre o Advento<\/p>\n\n\n\n<p>No ano lit\u00fargico de muitas igrejas, o Advento \u00e9 o tempo de prepara\u00e7\u00e3o para o Natal. As quatro semanas que antecedem a data em que se celebra o nascimento de Jesus s\u00e3o oportunidades para aprofundar reflex\u00f5es, renovar esperan\u00e7as e abrir o cora\u00e7\u00e3o para acolher o Salvador.<\/p>\n\n\n\n<p class=\"has-medium-font-size\">Onde comprar<\/p>\n\n\n\n<p><strong>CALEND\u00c1RIOS DE ADVENTO DO DORCAS<\/strong><\/p>\n\n\n\n<p>Calend\u00e1rio Simples: R$ 20 \/ 3 Calend\u00e1rios Simples: R$ 50 \/ Calend\u00e1rio com Chocolate: R$ 50<\/p>\n\n\n\n<p>\ud83d\udc49\ud83c\udffb Dados Banc\u00e1rios:<\/p>\n\n\n\n<p>BANCO ITA\u00da &#8211; C\u00d3D 341- AECRI \u2013 Associa\u00e7\u00e3o Evang\u00e9lica Cristo Redentor<\/p>\n\n\n\n<p>AG 3721 &#8211; Conta 90.000-3 &#8211; PIX: 07.983.650\/0001-43<\/p>\n\n\n\n<p><strong>\ud83d\udc49\ud83c\udffb PONTOS DE VENDA:<\/strong><\/p>\n\n\n\n<ol class=\"wp-block-list\">\n<li>Brech\u00f3 Dorcas (Rua Domingos Nascimento, 240, Curitiba), de ter\u00e7a a sexta-feira, das 12h \u00e0s 17h<\/li>\n\n\n\n<li>Comunidade do Redentor (Rua Trajano Reis, 199, de segunda a sexta-feira, das 9h30 \u00e0s 12h e das 13h30 \u00e0s 17h30)<\/li>\n\n\n\n<li>Dorcas (Rodovia dos Min\u00e9rios, km 11, n\u00ba 1.921, Almirante Tamandar\u00e9), de segunda a sexta-feira, das 9h \u00e0s 16h<\/li>\n\n\n\n<li>Lalalume Brinquedos Educativos (Rua Gutemberg, 585, Casa 1 &#8211; Vila Mariantonio &#8211; Batel)<\/li>\n\n\n\n<li>Garimp\u00ea (Rua Tapaj\u00f3s, 521, S\u00e3o Francisco)<\/li>\n<\/ol>\n\n\n\n<p>Sobre o Dorcas: O Dorcas \u00e9 administrado pela Associa\u00e7\u00e3o Evang\u00e9lica Cristo Redentor (AECRI) e tem como principal mentora a Comunidade Luterana do Redentor, de Curitiba. Conta tamb\u00e9m com doa\u00e7\u00f5es de pessoas f\u00edsicas e jur\u00eddicas e de institui\u00e7\u00f5es parceiras. O Projeto Dorcas \u00e9 reconhecido pelo poder p\u00fablico e pela popula\u00e7\u00e3o local como uma entidade s\u00e9ria e comprometida com o bem estar da comunidade onde est\u00e1 inserida, o bairro Bonfim, em Almirante Tamandar\u00e9, buscando aplicar com a m\u00e1xima efici\u00eancia e responsabilidade os recursos adquiridos atrav\u00e9s&nbsp;de&nbsp;doa\u00e7\u00f5es.<\/p>\n","protected":false},"excerpt":{"rendered":"<p>Conhe\u00e7a essa tradi\u00e7\u00e3o alem\u00e3 de Natal e presenteie com um objeto \u00fanico e muito simb\u00f3lico Voc\u00ea conhece o Calend\u00e1rio de Advento? O termo significa \u201cchegada\u201d, e simboliza o m\u00eas que antecede o Natal. Com um calend\u00e1rio em que h\u00e1 24 janelinhas numeradas, as crian\u00e7as podem fazer a contagem regressiva, abrindo uma por dia, at\u00e9 a [&hellip;]<\/p>\n","protected":false},"author":1,"featured_media":1531,"comment_status":"open","ping_status":"open","sticky":false,"template":"","format":"standard","meta":{"footnotes":""},"categories":[24,148,142],"tags":[191],"class_list":["post-1530","post","type-post","status-publish","format-standard","has-post-thumbnail","hentry","category-artes","category-educacao","category-literatura","tag-projeto-dorcas"],"_links":{"self":[{"href":"https:\/\/diarioparanaense.com\/index.php?rest_route=\/wp\/v2\/posts\/1530","targetHints":{"allow":["GET"]}}],"collection":[{"href":"https:\/\/diarioparanaense.com\/index.php?rest_route=\/wp\/v2\/posts"}],"about":[{"href":"https:\/\/diarioparanaense.com\/index.php?rest_route=\/wp\/v2\/types\/post"}],"author":[{"embeddable":true,"href":"https:\/\/diarioparanaense.com\/index.php?rest_route=\/wp\/v2\/users\/1"}],"replies":[{"embeddable":true,"href":"https:\/\/diarioparanaense.com\/index.php?rest_route=%2Fwp%2Fv2%2Fcomments&post=1530"}],"version-history":[{"count":1,"href":"https:\/\/diarioparanaense.com\/index.php?rest_route=\/wp\/v2\/posts\/1530\/revisions"}],"predecessor-version":[{"id":1532,"href":"https:\/\/diarioparanaense.com\/index.php?rest_route=\/wp\/v2\/posts\/1530\/revisions\/1532"}],"wp:featuredmedia":[{"embeddable":true,"href":"https:\/\/diarioparanaense.com\/index.php?rest_route=\/wp\/v2\/media\/1531"}],"wp:attachment":[{"href":"https:\/\/diarioparanaense.com\/index.php?rest_route=%2Fwp%2Fv2%2Fmedia&parent=1530"}],"wp:term":[{"taxonomy":"category","embeddable":true,"href":"https:\/\/diarioparanaense.com\/index.php?rest_route=%2Fwp%2Fv2%2Fcategories&post=1530"},{"taxonomy":"post_tag","embeddable":true,"href":"https:\/\/diarioparanaense.com\/index.php?rest_route=%2Fwp%2Fv2%2Ftags&post=1530"}],"curies":[{"name":"wp","href":"https:\/\/api.w.org\/{rel}","templated":true}]}}