{"id":1527,"date":"2023-11-09T08:40:42","date_gmt":"2023-11-09T11:40:42","guid":{"rendered":"https:\/\/diarioparanaense.com\/?p=1527"},"modified":"2023-11-09T08:40:42","modified_gmt":"2023-11-09T11:40:42","slug":"grupo-minipreco-inaugura-novas-lojas-em-paranagua","status":"publish","type":"post","link":"https:\/\/diarioparanaense.com\/?p=1527","title":{"rendered":"Grupo MiniPre\u00e7o inaugura novas lojas em Paranagu\u00e1"},"content":{"rendered":"\n<blockquote class=\"wp-block-quote is-layout-flow wp-block-quote-is-layout-flow\">\n<blockquote class=\"wp-block-quote is-layout-flow wp-block-quote-is-layout-flow\">\n<p>Grupo MiniPre\u00e7o inaugura novas lojas em Paranagu\u00e1<\/p>\n<\/blockquote>\n<\/blockquote>\n\n\n\n<p class=\"has-medium-font-size\">Grupo segue plano de expans\u00e3o com a abertura de duas unidades em novembro<\/p>\n\n\n\n<p>O Grupo MiniPre\u00e7o vai inaugurar mais um empreendimento, al\u00e9m de reinaugurar a opera\u00e7\u00e3o do Rei dos Salvados, em Paranagu\u00e1. A nova opera\u00e7\u00e3o do MiniPre\u00e7o \u00e9 a 11\u00aa no Paran\u00e1 e ter\u00e1 mais de 65 mil linhas de produtos, com itens de utilidades dom\u00e9sticas e decora\u00e7\u00e3o, al\u00e9m de cama, mesa e banho, brinquedos, ferramentas e material escolar com pre\u00e7os atrativos.<\/p>\n\n\n\n<p>J\u00e1 no Rei dos Salvados, uma rede de outlet de eletros com 15 lojas espalhadas pelo PR e SC, os clientes encontrar\u00e3o produtos de grandes marcas de eletrodom\u00e9sticos, eletroport\u00e1teis, sof\u00e1s, geladeiras, televisores, entre outros, com garantia de at\u00e9 1 ano, assist\u00eancia t\u00e9cnica especializada e pre\u00e7os at\u00e9 30% mais baratos que o valor de mercado.<\/p>\n\n\n\n<p>Antes localizado no Shopping Esta\u00e7\u00e3o Mall, o Rei dos Salvados segue para novo endere\u00e7o, em frente ao terminal de \u00f4nibus, ao lado da loja do MiniPre\u00e7o. As unidades ficar\u00e3o localizadas na Rua Salim Jorge Chede, 50, no bairro Jo\u00e3o Gualberto.<\/p>\n\n\n\n<p>\u201cAs novas lojas fazem parte do plano de expans\u00e3o do Grupo MiniPre\u00e7o, detentora tamb\u00e9m da marca Rei dos Salvados. Al\u00e9m de levar produtos de qualidade com pre\u00e7o atrativo, criamos vagas de trabalho para diversas \u00e1reas para os moradores da cidade e regi\u00e3o\u201d, afirma o gerente comercial do Grupo MiniPre\u00e7o, Beni Gelhorn.<\/p>\n\n\n\n<p>No dia 25 de novembro, al\u00e9m de grandes promo\u00e7\u00f5es de inaugura\u00e7\u00e3o, as lojas ter\u00e3o atividades para adultos e crian\u00e7as com muita divers\u00e3o, sorteio de brindes e distribui\u00e7\u00e3o de guloseimas durante todo o dia.<\/p>\n\n\n\n<p>Al\u00e9m da variedade de produtos, todas as lojas MiniPre\u00e7o est\u00e3o preparadas para o Natal com milhares de itens de decora\u00e7\u00e3o natalina com pre\u00e7os acess\u00edveis e uma campanha em parceria com a Associa\u00e7\u00e3o Comercial do Paran\u00e1 que, a cada R$ 50,00 em compras, os clientes concorrem ao sorteio de um autom\u00f3vel Hyunday Creta 0km. A promo\u00e7\u00e3o \u00e9 v\u00e1lida at\u00e9 o dia 31\/12\/2023.<\/p>\n\n\n\n<p>No local, os clientes ter\u00e3o estacionamento compartilhado com o Open Shopping Paranagu\u00e1, que ser\u00e1 gratuito para clientes em per\u00edodo de compras. Acesso pela R. Julia da Costa, 841.<\/p>\n\n\n\n<p class=\"has-medium-font-size\">Servi\u00e7o:<\/p>\n\n\n\n<p><strong>Inaugura\u00e7\u00e3o MiniPre\u00e7o e Rei dos Salvados Paranagu\u00e1<br>Data<\/strong>: 21.11<br><strong>Endere\u00e7o<\/strong>: R. Salim Jorge Chede, 50 &#8211; Jo\u00e3o Gualberto<br><strong>Hor\u00e1rios de funcionamento<\/strong>: segunda-feira a s\u00e1bado, das 8h30 \u00e0s 20h00; domingo, das\u00a009h00\u00a0\u00e0s\u00a018h00<\/p>\n","protected":false},"excerpt":{"rendered":"<p>Grupo segue plano de expans\u00e3o com a abertura de duas unidades em novembro O Grupo MiniPre\u00e7o vai inaugurar mais um empreendimento, al\u00e9m de reinaugurar a opera\u00e7\u00e3o do Rei dos Salvados, em Paranagu\u00e1. A nova opera\u00e7\u00e3o do MiniPre\u00e7o \u00e9 a 11\u00aa no Paran\u00e1 e ter\u00e1 mais de 65 mil linhas de produtos, com itens de utilidades [&hellip;]<\/p>\n","protected":false},"author":1,"featured_media":1528,"comment_status":"open","ping_status":"open","sticky":false,"template":"","format":"standard","meta":{"footnotes":""},"categories":[324],"tags":[400],"class_list":["post-1527","post","type-post","status-publish","format-standard","has-post-thumbnail","hentry","category-negocios","tag-minipreco"],"_links":{"self":[{"href":"https:\/\/diarioparanaense.com\/index.php?rest_route=\/wp\/v2\/posts\/1527","targetHints":{"allow":["GET"]}}],"collection":[{"href":"https:\/\/diarioparanaense.com\/index.php?rest_route=\/wp\/v2\/posts"}],"about":[{"href":"https:\/\/diarioparanaense.com\/index.php?rest_route=\/wp\/v2\/types\/post"}],"author":[{"embeddable":true,"href":"https:\/\/diarioparanaense.com\/index.php?rest_route=\/wp\/v2\/users\/1"}],"replies":[{"embeddable":true,"href":"https:\/\/diarioparanaense.com\/index.php?rest_route=%2Fwp%2Fv2%2Fcomments&post=1527"}],"version-history":[{"count":1,"href":"https:\/\/diarioparanaense.com\/index.php?rest_route=\/wp\/v2\/posts\/1527\/revisions"}],"predecessor-version":[{"id":1529,"href":"https:\/\/diarioparanaense.com\/index.php?rest_route=\/wp\/v2\/posts\/1527\/revisions\/1529"}],"wp:featuredmedia":[{"embeddable":true,"href":"https:\/\/diarioparanaense.com\/index.php?rest_route=\/wp\/v2\/media\/1528"}],"wp:attachment":[{"href":"https:\/\/diarioparanaense.com\/index.php?rest_route=%2Fwp%2Fv2%2Fmedia&parent=1527"}],"wp:term":[{"taxonomy":"category","embeddable":true,"href":"https:\/\/diarioparanaense.com\/index.php?rest_route=%2Fwp%2Fv2%2Fcategories&post=1527"},{"taxonomy":"post_tag","embeddable":true,"href":"https:\/\/diarioparanaense.com\/index.php?rest_route=%2Fwp%2Fv2%2Ftags&post=1527"}],"curies":[{"name":"wp","href":"https:\/\/api.w.org\/{rel}","templated":true}]}}