{"id":1521,"date":"2023-11-09T08:23:35","date_gmt":"2023-11-09T11:23:35","guid":{"rendered":"https:\/\/diarioparanaense.com\/?p=1521"},"modified":"2023-11-09T08:44:47","modified_gmt":"2023-11-09T11:44:47","slug":"premio-clube-formador-e-entregue-ao-clube-curitibano","status":"publish","type":"post","link":"https:\/\/diarioparanaense.com\/?p=1521","title":{"rendered":"Pr\u00eamio Clube Formador \u00e9 entregue ao Clube Curitibano"},"content":{"rendered":"\n<p class=\"has-medium-font-size\">Premia\u00e7\u00e3o valoriza o desenvolvimento esportivo realizado pelos Clubes integrados ao CBC<\/p>\n\n\n\n<p>Aconteceu entre os dias 2 e 4 de novembro, em Foz do Igua\u00e7u\/PR, o Congresso Brasileiro de Clubes 2023. Entre palestras, apresenta\u00e7\u00f5es culturais e premia\u00e7\u00f5es, mais de 900 Clubes do Brasil participaram do evento e acompanharam a homenagem oferecida ao Clube Curitibano que recebeu o Pr\u00eamio de Clube Formador.<\/p>\n\n\n\n<p>O evento \u00e9 organizado pela Confedera\u00e7\u00e3o Nacional dos Clubes (Fenaclubes) e Comit\u00ea Brasileiro de Clubes (CBC). O Pr\u00eamio Clube Formador valoriza o desenvolvimento esportivo realizado pelos Clubes integrados ao CBC. Segundo a organiza\u00e7\u00e3o do evento, o Curitibano \u00e9 importante para o pa\u00eds, principalmente quando se trata da forma\u00e7\u00e3o de jovens atletas para as disputas esportivas em \u00e2mbito internacional.<\/p>\n\n\n\n<p>\u201c\u00c9 um privil\u00e9gio fazer parte do Comit\u00ea Brasileiro de Clubes. A parceria com o CBC \u00e9 uma honra para o Clube Curitibano, e sabemos que \u00e9 essencial para o desenvolvimento de novos atletas em todo o Brasil\u201d, destacou o presidente do Curitibano, Paulo Roberto Oliveira, que esteve presencialmente no evento e recebeu o Pr\u00eamio.<\/p>\n\n\n\n<p class=\"has-medium-font-size\">Pr\u00eamio Clube Formador<\/p>\n\n\n\n<p>A entrega do Trof\u00e9u \u201cPr\u00eamio Clube Formador\u201d acontece desde 2021 aos melhores Clubes em cada esporte e g\u00eanero, a partir da participa\u00e7\u00e3o nos Campeonatos Brasileiros Interclubes (CBI) dentro do respectivo ano do ciclo ol\u00edmpico. Al\u00e9m disso, tamb\u00e9m recebem a homenagem a Confedera\u00e7\u00e3o Esportiva Nacional que mais se destacou no apoio aos Clubes formadores e tamb\u00e9m aos clubes que desenvolveram projetos de destaque.<\/p>\n\n\n\n<p>O CBC criou o pr\u00eamio como uma forma de continuar a incentivar os Clubes a fomentarem a revela\u00e7\u00e3o de talentos e trabalharem no desenvolvimento dos atletas da base at\u00e9 a excel\u00eancia esportiva. Os homenageados s\u00e3o divulgados durante uma cerim\u00f4nia especial no Congresso Brasileiro&nbsp;de&nbsp;Clubes.<\/p>\n","protected":false},"excerpt":{"rendered":"<p>Premia\u00e7\u00e3o valoriza o desenvolvimento esportivo realizado pelos Clubes integrados ao CBC Aconteceu entre os dias 2 e 4 de novembro, em Foz do Igua\u00e7u\/PR, o Congresso Brasileiro de Clubes 2023. Entre palestras, apresenta\u00e7\u00f5es culturais e premia\u00e7\u00f5es, mais de 900 Clubes do Brasil participaram do evento e acompanharam a homenagem oferecida ao Clube Curitibano que recebeu [&hellip;]<\/p>\n","protected":false},"author":1,"featured_media":1522,"comment_status":"open","ping_status":"open","sticky":false,"template":"","format":"standard","meta":{"footnotes":""},"categories":[29],"tags":[399],"class_list":["post-1521","post","type-post","status-publish","format-standard","has-post-thumbnail","hentry","category-artigos","tag-premio-clube-formador"],"_links":{"self":[{"href":"https:\/\/diarioparanaense.com\/index.php?rest_route=\/wp\/v2\/posts\/1521","targetHints":{"allow":["GET"]}}],"collection":[{"href":"https:\/\/diarioparanaense.com\/index.php?rest_route=\/wp\/v2\/posts"}],"about":[{"href":"https:\/\/diarioparanaense.com\/index.php?rest_route=\/wp\/v2\/types\/post"}],"author":[{"embeddable":true,"href":"https:\/\/diarioparanaense.com\/index.php?rest_route=\/wp\/v2\/users\/1"}],"replies":[{"embeddable":true,"href":"https:\/\/diarioparanaense.com\/index.php?rest_route=%2Fwp%2Fv2%2Fcomments&post=1521"}],"version-history":[{"count":1,"href":"https:\/\/diarioparanaense.com\/index.php?rest_route=\/wp\/v2\/posts\/1521\/revisions"}],"predecessor-version":[{"id":1523,"href":"https:\/\/diarioparanaense.com\/index.php?rest_route=\/wp\/v2\/posts\/1521\/revisions\/1523"}],"wp:featuredmedia":[{"embeddable":true,"href":"https:\/\/diarioparanaense.com\/index.php?rest_route=\/wp\/v2\/media\/1522"}],"wp:attachment":[{"href":"https:\/\/diarioparanaense.com\/index.php?rest_route=%2Fwp%2Fv2%2Fmedia&parent=1521"}],"wp:term":[{"taxonomy":"category","embeddable":true,"href":"https:\/\/diarioparanaense.com\/index.php?rest_route=%2Fwp%2Fv2%2Fcategories&post=1521"},{"taxonomy":"post_tag","embeddable":true,"href":"https:\/\/diarioparanaense.com\/index.php?rest_route=%2Fwp%2Fv2%2Ftags&post=1521"}],"curies":[{"name":"wp","href":"https:\/\/api.w.org\/{rel}","templated":true}]}}