{"id":1518,"date":"2023-11-07T13:20:09","date_gmt":"2023-11-07T16:20:09","guid":{"rendered":"https:\/\/diarioparanaense.com\/?p=1518"},"modified":"2023-11-07T13:21:02","modified_gmt":"2023-11-07T16:21:02","slug":"domingos-murta-e-empossado-como-novo-presidente-dos-amigos-do-hc","status":"publish","type":"post","link":"https:\/\/diarioparanaense.com\/?p=1518","title":{"rendered":"Domingos Murta \u00e9 empossado como novo presidente dos Amigos do HC"},"content":{"rendered":"\n<p class=\"has-medium-font-size\">Economista promete mandato colaborativo, ao lado de conselheiros que dedicam a vida \u00e0 institui\u00e7\u00e3o<\/p>\n\n\n\n<p>O economista Domingos Murta foi empossado como novo presidente da Associa\u00e7\u00e3o dos Amigos do HC em cerim\u00f4nia realizada no Setor de Ci\u00eancias da Sa\u00fade da UFPR diante de uma mesa composta por tr\u00eas ex-governadores, do prefeito em exerc\u00edcio, Eduardo Pimentel, e de um audit\u00f3rio lotado, na noite desta segunda-feira (06).<\/p>\n\n\n\n<p>Em seu discurso de posse, Murta prometeu desempenhar um \u201cmandato colaborativo ao lado de conselheiros altru\u00edstas que dedicam seu valoroso tempo \u00e0 uma causa nobre\u201d, afirmou ao se referir ao corpo diretivo dos Amigos do HC, citando nominalmente todos os ex-presidentes da Associa\u00e7\u00e3o, que completou 37 anos em 2023.<\/p>\n\n\n\n<p>O novo presidente contou ainda como conheceu a Associa\u00e7\u00e3o dos Amigos do HC, por interm\u00e9dio da ent\u00e3o primeira-dama do Estado Fani Lerner, quando era presidente do extinto Banestado. \u201cA Fani me ligou e chamou para contribuir, ela falou que o HC precisava de gaze e esparadrapo. N\u00e3o era exatamente a minha especialidade como diretor de uma institui\u00e7\u00e3o banc\u00e1ria, mas n\u00e3o me furtei a ajudar\u201d, conta.<\/p>\n\n\n\n<p>A noite ainda teve o an\u00fancio, feito pela superintendente do Complexo Hospital de Cl\u00ednicas da UFPR, Claudete Reggiani, de que o novo refeit\u00f3rio do HC, que est\u00e1 sendo reformado pelos Amigos do HC, levar\u00e1 o nome do presidente da institui\u00e7\u00e3o Pedro de Paula Filho, que faleceu em abril deste ano. A inaugura\u00e7\u00e3o do espa\u00e7o ap\u00f3s as benfeitorias deve ser entregue no dia 12 de dezembro.<\/p>\n\n\n\n<p>Durante a solenidade, tamb\u00e9m foram empossados Denise Remor, como vice-presidente, Silvia Davet Locatelli, como vice-presidente de governan\u00e7a e compliance, Rui Ferraz Pacionik, como vice-presidente financeiro e de investimentos e Rui Gerson Brandt, como vice-presidente financeiro e de investimentos suplente. O mandado \u00e9 complementar e vai at\u00e9 31 de dezembro de 2025.<\/p>\n\n\n\n<p>Repasses ao HC<\/p>\n\n\n\n<p>Em seus 37 anos de exist\u00eancia os Amigos do HC j\u00e1 repassaram mais de R$66 milh\u00f5es ao Hospital de Cl\u00ednicas da UFPR, proporcionando melhorias na qualidade de vida e do atendimento prestado aos pacientes do complexo hospitalar, o terceiro maior hospital p\u00fablico universit\u00e1rio do Brasil. Al\u00e9m disso, a Associa\u00e7\u00e3o criou programas e mecanismos que d\u00e3o assist\u00eancia a grupos vulner\u00e1veis como crian\u00e7as e idosos, como o DEDICA, Defesa dos Direitos da Crian\u00e7a e do Adolescente, e o CEDIVIDA, o Centro de Direitos \u00e0 Vida da&nbsp;Pessoa&nbsp;Idosa.<\/p>\n","protected":false},"excerpt":{"rendered":"<p>Economista promete mandato colaborativo, ao lado de conselheiros que dedicam a vida \u00e0 institui\u00e7\u00e3o O economista Domingos Murta foi empossado como novo presidente da Associa\u00e7\u00e3o dos Amigos do HC em cerim\u00f4nia realizada no Setor de Ci\u00eancias da Sa\u00fade da UFPR diante de uma mesa composta por tr\u00eas ex-governadores, do prefeito em exerc\u00edcio, Eduardo Pimentel, e [&hellip;]<\/p>\n","protected":false},"author":1,"featured_media":1519,"comment_status":"open","ping_status":"open","sticky":false,"template":"","format":"standard","meta":{"footnotes":""},"categories":[29,186],"tags":[398],"class_list":["post-1518","post","type-post","status-publish","format-standard","has-post-thumbnail","hentry","category-artigos","category-eventos","tag-associacao-dos-amigos-do-hc"],"_links":{"self":[{"href":"https:\/\/diarioparanaense.com\/index.php?rest_route=\/wp\/v2\/posts\/1518","targetHints":{"allow":["GET"]}}],"collection":[{"href":"https:\/\/diarioparanaense.com\/index.php?rest_route=\/wp\/v2\/posts"}],"about":[{"href":"https:\/\/diarioparanaense.com\/index.php?rest_route=\/wp\/v2\/types\/post"}],"author":[{"embeddable":true,"href":"https:\/\/diarioparanaense.com\/index.php?rest_route=\/wp\/v2\/users\/1"}],"replies":[{"embeddable":true,"href":"https:\/\/diarioparanaense.com\/index.php?rest_route=%2Fwp%2Fv2%2Fcomments&post=1518"}],"version-history":[{"count":1,"href":"https:\/\/diarioparanaense.com\/index.php?rest_route=\/wp\/v2\/posts\/1518\/revisions"}],"predecessor-version":[{"id":1520,"href":"https:\/\/diarioparanaense.com\/index.php?rest_route=\/wp\/v2\/posts\/1518\/revisions\/1520"}],"wp:featuredmedia":[{"embeddable":true,"href":"https:\/\/diarioparanaense.com\/index.php?rest_route=\/wp\/v2\/media\/1519"}],"wp:attachment":[{"href":"https:\/\/diarioparanaense.com\/index.php?rest_route=%2Fwp%2Fv2%2Fmedia&parent=1518"}],"wp:term":[{"taxonomy":"category","embeddable":true,"href":"https:\/\/diarioparanaense.com\/index.php?rest_route=%2Fwp%2Fv2%2Fcategories&post=1518"},{"taxonomy":"post_tag","embeddable":true,"href":"https:\/\/diarioparanaense.com\/index.php?rest_route=%2Fwp%2Fv2%2Ftags&post=1518"}],"curies":[{"name":"wp","href":"https:\/\/api.w.org\/{rel}","templated":true}]}}