{"id":1506,"date":"2023-11-06T09:47:48","date_gmt":"2023-11-06T12:47:48","guid":{"rendered":"https:\/\/diarioparanaense.com\/?p=1506"},"modified":"2023-11-06T09:47:49","modified_gmt":"2023-11-06T12:47:49","slug":"marcio-guelber-lanca-futuras-paisagens","status":"publish","type":"post","link":"https:\/\/diarioparanaense.com\/?p=1506","title":{"rendered":"MARCIO GUELBER LAN\u00c7A \u201cFUTURAS PAISAGENS\u201d"},"content":{"rendered":"\n<p class=\"has-medium-font-size\"><em>&nbsp;Compositor e multi-instrumentista mineiro disponibiliza<\/em> <em>seu primeiro \u00e1lbum autoral, no dia 3 de novembro, em todas as plataformas digitais.<\/em><\/p>\n\n\n\n<p><strong>Link do pr\u00e9-save:<\/strong> <a href=\"https:\/\/tratore.ffm.to\/futuras\">https:\/\/tratore.ffm.to\/futuras<\/a><\/p>\n\n\n\n<p>Natural de Juiz de Fora (MG), o compositor e multi-instrumentista <strong>Marcio Guelber <\/strong>se prepara para o lan\u00e7amento do seu \u00e1lbum de estreia, \u201cFuturas Paisagens\u201d, que chega em todas as plataformas digitais, no dia 3 de novembro.<\/p>\n\n\n\n<p><strong>\u201cFuturas Paisagens<\/strong>\u201d \u00e9 um \u00e1lbum autoral com oito composi\u00e7\u00f5es pr\u00f3prias que retratam o imagin\u00e1rio e a expressividade do artista, sua musicalidade intuitiva, sua forte personalidade enquanto compositor, as paisagens de sua terra, os afetos e suas memorias ancestrais. Nesse trabalho, Marcio faz uma celebra\u00e7\u00e3o \u00e0 vida e tece com suas melodias po\u00e9ticas um elo entre mundos, um caminho para liberdade. O disco foi gravado por Marcio (acordeon, piano, viol\u00e3o 7 cordas), Ant\u00f4nio Loureiro (bateria, percuss\u00e3o e vibrafone), Guto Wirtt (baixo ac\u00fastico), Nara Pinheiro (flauta) e Joana Queiroz (clarinete).<\/p>\n\n\n\n<p>\u201cFuturas Paisagens&#8221; \u00e9 um disco atemporal, que fala sobre os processos e ciclos de vida, das infinitas possibilidades de nascer e renascer, da rela\u00e7\u00e3o intr\u00ednseca entre a humanidade e a natureza. Nesse trabalho, Marcio usa a organicidade do acordeon, do piano e do viol\u00e3o de 7 cordas para amalgamar suas composi\u00e7\u00f5es. <strong>\u201c<\/strong>Esse \u00e9 um trabalho feito manualmente, que busca com suas artesanias uma delicadeza necess\u00e1ria para alcan\u00e7ar os mais diferentes ouvintes e com isso criar novas conex\u00f5es e diferentes formas de ver e sentir a vida&#8221;, explica Marcio.<\/p>\n\n\n\n<p>O \u00e1lbum foi gravado no est\u00fadio Casa da Lua, S\u00e3o Paulo, em janeiro de 2023, com produ\u00e7\u00e3o musical de Ant\u00f4nio Loureiro e Marcio Guelber, mixagem e masteriza\u00e7\u00e3o feita por Marcelo Guerra no est\u00fadio Stereoutono, Belo Horizonte, projeto gr\u00e1fico de Jo\u00e3o Paulo Lopes e fotografia de Vinicius Terror. O \u00e1lbum ainda conta com um arranjo especial para quarteto de cordas na m\u00fasica \u201c\u00c2mago\u201d, feito por Rafael Martini e gravado por Marcio Guelber (acordeon), Luka Milanovic (violino), Jovana Trifunovic (violino), Mikhail Bugaev (viola) e Eduardo Swerts (violoncelo).<\/p>\n\n\n\n<p>Marcio Guelber representa a nova gera\u00e7\u00e3o de compositores e instrumentistas mineiros que carregam uma sonoridade sofisticada e criativa, com harmonias elaboradas e temas mel\u00f3dicos que tecem hist\u00f3rias e n\u00e3o se limitam \u00e0 uma forma tradicional. Como instrumentista, Marcio se apresenta com seu trabalho autoral em festivais, teatros e casas de shows desde 2017. Sua trajet\u00f3ria musical \u00e9 permeada por encontros e parcerias com artistas, m\u00fasicos e compositores de diversas partes do mundo.<\/p>\n\n\n\n<p>O disco \u201cFuturas Paisagens\u201d foi financiado pela Lei Murilo Mendes, por meio da FUNALFA \u2013 Prefeitura de Juiz de Fora, com apoio da Lei Aldir Blanc e SECULT\/MG.<\/p>\n\n\n\n<p><strong>MAIS SOBRE O ARTISTA<\/strong><\/p>\n\n\n\n<p>Marcio Guelber \u00e9 compositor e multi-instrumentista brasileiro, natural de Minas Gerais. Atua como acordeonista e violonista apresentando seu trabalho autoral, desde 2017, em festivais, teatros e casas de shows.<\/p>\n\n\n\n<p>Marcio representa a nova gera\u00e7\u00e3o de compositores e instrumentistas mineiros que carregam uma sonoridade sofisticada e criativa, com harmonias elaboradas e temas mel\u00f3dicos que tecem hist\u00f3rias e n\u00e3o se limitam \u00e0 uma forma tradicional. Em 2021, sua obra &#8220;Paisagens poss\u00edveis&#8221;, uma su\u00edte em quatro movimentos para viol\u00e3o de 7 cordas, foi premiada na XXIV Bienal de M\u00fasica Brasileira Contempor\u00e2nea promovido pela Funarte e teve sua estreia na Sala Cec\u00edlia Meireles no Rio de Janeiro, em 2021. A su\u00edte est\u00e1 dispon\u00edvel nas plataformas de streaming, seu registro audiovisual est\u00e1 disponibilizado no YouTube e o caderno de partituras pode ser adquirido pelo site do artista.<\/p>\n\n\n\n<p><strong>Para saber mais, acesse:<\/strong><\/p>\n\n\n\n<p>Instagram:<a href=\"%20http:\/www.instagram.com\/marcioguelber\"> http:\/\/www.instagram.com\/marcioguelber<\/a><\/p>\n\n\n\n<p>YouTube: <a href=\"https:\/\/www.youtube.com\/c\/MarcioGuelber\">https:\/\/www.youtube.com\/c\/MarcioGuelber<\/a><\/p>\n\n\n\n<p>Facebook: <a href=\"https:\/\/www.facebook.com\/marcioguelbermusica\">https:\/\/www.facebook.com\/marcioguelbermusica<\/a><\/p>\n\n\n\n<p>Spotify: <a href=\"https:\/\/open.spotify.com\/intl-pt\/artist\/4eLjKoOFKDMFksimJD45Ok\">https:\/\/open.spotify.com\/intl-pt\/artist\/4eLjKoOFKDMFksimJD45Ok<\/a><\/p>\n\n\n\n<p><strong>Faixas do \u00e1lbum \u201cFuturas Paisagens\u201d \u2013 Marcio Guelber<\/strong><\/p>\n\n\n\n<p><em>(Todas as composi\u00e7\u00f5es s\u00e3o de autoria de Marcio Guelber)<\/em><\/p>\n\n\n\n<p>1. FUTURAS PAISAGENS<\/p>\n\n\n\n<p>2. TROVOADA<\/p>\n\n\n\n<p>3. IMAGIN\u00c1RIO<\/p>\n\n\n\n<p>4. \u00c2MAGO<\/p>\n\n\n\n<p>5. \u00c2NIMA<\/p>\n\n\n\n<p>6. CAIN\u00c3<\/p>\n\n\n\n<p>7. RUD\u00c1<\/p>\n\n\n\n<p>8. CLARO DOMINGO<\/p>\n\n\n\n<p><strong>Informa\u00e7\u00f5es para a imprensa:<\/strong><\/p>\n\n\n\n<p>Luana Ribeiro<\/p>\n\n\n\n<p><a href=\"mailto:luanaribeiropress@gmail.com\">luanaribeiropress@gmail.com<\/a><\/p>\n\n\n\n<p>+55 21 99347-9096<\/p>\n","protected":false},"excerpt":{"rendered":"<p>&nbsp;Compositor e multi-instrumentista mineiro disponibiliza seu primeiro \u00e1lbum autoral, no dia 3 de novembro, em todas as plataformas digitais. Link do pr\u00e9-save: https:\/\/tratore.ffm.to\/futuras Natural de Juiz de Fora (MG), o compositor e multi-instrumentista Marcio Guelber se prepara para o lan\u00e7amento do seu \u00e1lbum de estreia, \u201cFuturas Paisagens\u201d, que chega em todas as plataformas digitais, no [&hellip;]<\/p>\n","protected":false},"author":1,"featured_media":1507,"comment_status":"open","ping_status":"open","sticky":false,"template":"","format":"standard","meta":{"footnotes":""},"categories":[27],"tags":[395],"class_list":["post-1506","post","type-post","status-publish","format-standard","has-post-thumbnail","hentry","category-musica","tag-marcio-guelber"],"_links":{"self":[{"href":"https:\/\/diarioparanaense.com\/index.php?rest_route=\/wp\/v2\/posts\/1506","targetHints":{"allow":["GET"]}}],"collection":[{"href":"https:\/\/diarioparanaense.com\/index.php?rest_route=\/wp\/v2\/posts"}],"about":[{"href":"https:\/\/diarioparanaense.com\/index.php?rest_route=\/wp\/v2\/types\/post"}],"author":[{"embeddable":true,"href":"https:\/\/diarioparanaense.com\/index.php?rest_route=\/wp\/v2\/users\/1"}],"replies":[{"embeddable":true,"href":"https:\/\/diarioparanaense.com\/index.php?rest_route=%2Fwp%2Fv2%2Fcomments&post=1506"}],"version-history":[{"count":1,"href":"https:\/\/diarioparanaense.com\/index.php?rest_route=\/wp\/v2\/posts\/1506\/revisions"}],"predecessor-version":[{"id":1508,"href":"https:\/\/diarioparanaense.com\/index.php?rest_route=\/wp\/v2\/posts\/1506\/revisions\/1508"}],"wp:featuredmedia":[{"embeddable":true,"href":"https:\/\/diarioparanaense.com\/index.php?rest_route=\/wp\/v2\/media\/1507"}],"wp:attachment":[{"href":"https:\/\/diarioparanaense.com\/index.php?rest_route=%2Fwp%2Fv2%2Fmedia&parent=1506"}],"wp:term":[{"taxonomy":"category","embeddable":true,"href":"https:\/\/diarioparanaense.com\/index.php?rest_route=%2Fwp%2Fv2%2Fcategories&post=1506"},{"taxonomy":"post_tag","embeddable":true,"href":"https:\/\/diarioparanaense.com\/index.php?rest_route=%2Fwp%2Fv2%2Ftags&post=1506"}],"curies":[{"name":"wp","href":"https:\/\/api.w.org\/{rel}","templated":true}]}}