{"id":1499,"date":"2023-11-01T13:45:44","date_gmt":"2023-11-01T16:45:44","guid":{"rendered":"https:\/\/diarioparanaense.com\/?p=1499"},"modified":"2023-11-01T13:45:45","modified_gmt":"2023-11-01T16:45:45","slug":"novembro-azul-alerta-para-os-cuidados-com-a-saude-do-homem","status":"publish","type":"post","link":"https:\/\/diarioparanaense.com\/?p=1499","title":{"rendered":"Novembro azul alerta para os cuidados com a sa\u00fade do homem"},"content":{"rendered":"\n<p class=\"has-medium-font-size\">Campanha mundial orienta popula\u00e7\u00e3o masculina sobre a preven\u00e7\u00e3o e o diagn\u00f3stico precoce do c\u00e2ncer de pr\u00f3stata e de outras doen\u00e7as<\/p>\n\n\n\n<p>A sa\u00fade do homem e a preven\u00e7\u00e3o ao c\u00e2ncer de pr\u00f3stata s\u00e3o o foco do Novembro Azul, campanha mundial que desde 2008 faz parte do calend\u00e1rio oficial de eventos no Brasil. Durante todo o m\u00eas, sociedades m\u00e9dicas e profissionais da sa\u00fade alertam a popula\u00e7\u00e3o masculina sobre a import\u00e2ncia de exames peri\u00f3dicos para a preven\u00e7\u00e3o e detec\u00e7\u00e3o precoce do c\u00e2ncer de pr\u00f3stata e de outras doen\u00e7as.<\/p>\n\n\n\n<p>\u201cInfelizmente por quest\u00f5es culturais, muitos homens ainda resistem a procurar atendimento m\u00e9dico e acabam n\u00e3o fazendo os exames de rotina. Por isso essa campanha \u00e9 t\u00e3o importante, para chamar a aten\u00e7\u00e3o de toda a sociedade sobre as doen\u00e7as que atingem a popula\u00e7\u00e3o masculina\u201d, explica o m\u00e9dico urologista Ruim\u00e1rio Coelho, preceptor da resid\u00eancia m\u00e9dica em Urologia do Hospital de Cl\u00ednicas da Universidade Federal do Paran\u00e1 (UFPR) e diretor t\u00e9cnico do Uroville \u2013 Urologia Avan\u00e7ada.<\/p>\n\n\n\n<p>Segundo a publica\u00e7\u00e3o mais recente da Pesquisa Nacional de Sa\u00fade (PNS) do Instituto Brasileiro de Geografia e Estat\u00edstica (IBGE), realizada em 2019, as mulheres procuram mais os servi\u00e7os m\u00e9dicos do que os homens. Nos 12 meses que antecederam a entrevista mais de 159 milh\u00f5es de brasileiros haviam se consultado com um m\u00e9dico, o equivalente a 76,2% da popula\u00e7\u00e3o. Nas mulheres essa propor\u00e7\u00e3o alcan\u00e7ou 82,3% e, na popula\u00e7\u00e3o masculina, apenas 69,4%.<\/p>\n\n\n\n<p>\u201cEste dado corrobora o que outras pesquisas internacionais j\u00e1 apontavam, que em m\u00e9dia as mulheres t\u00eam cerca de tr\u00eas vez mais propens\u00e3o a procurar os servi\u00e7os de sa\u00fade do que os homens. Isso \u00e9 bastante preocupante porque muitas das doen\u00e7as que atingem a popula\u00e7\u00e3o masculina n\u00e3o apresentam sintomas, necessitando assim de exames complementares para a detec\u00e7\u00e3o e o tratamento precoce\u201d, destaca Ruim\u00e1rio Coelho.<\/p>\n\n\n\n<p>Uma dessas doen\u00e7as silenciosas \u00e9 o c\u00e2ncer de pr\u00f3stata, que atinge todos os anos cerca de 72 mil pacientes em todo o Brasil, de acordo com dados do Instituto Nacional do C\u00e2ncer (INCA). &#8220;Este \u00e9 o segundo tipo de c\u00e2ncer mais comum na popula\u00e7\u00e3o masculina, atr\u00e1s somente do de pele n\u00e3o melanoma, mas muitas vezes o diagn\u00f3stico \u00e9 feito de forma tardia, o que pode comprometer o tratamento e, consequentemente, as chances de cura do paciente&#8221;, destaca Ruim\u00e1rio Coelho.<\/p>\n\n\n\n<p>Entre os fatores de risco para o c\u00e2ncer de pr\u00f3stata est\u00e3o a idade (o risco aumenta com o envelhecimento), hist\u00f3rico familiar, sobrepeso e obesidade. A orienta\u00e7\u00e3o \u00e9 que todos os homens acima dos 50 anos fa\u00e7am consultas regulares com um urologista e, se tiver casos de c\u00e2ncer de pr\u00f3stata na fam\u00edlia, este acompanhamento deve come\u00e7ar aos 40 anos de idade.<\/p>\n\n\n\n<p><strong>Sobre Ruim\u00e1rio Coelho<br><\/strong>Dr. Ruim\u00e1rio Coelho \u00e9 formado em medicina pela Faculdade de Medicina da Universidade Federal do Esp\u00edrito Santo, com resid\u00eancia m\u00e9dica em Cirurgia Geral no Hospital Heli\u00f3polis (S\u00e3o Paulo &#8211; SP), resid\u00eancia m\u00e9dica em Urologia pela Universidade Federal do Paran\u00e1, Fellowship em Andrologia e Infertilidade Masculina, pelo Instituto H Ellis\/ Projeto ALFA, com certifica\u00e7\u00e3o em cirurgia rob\u00f3tica pelo Instituto Falke. \u00c9 diretor t\u00e9cnico do Uroville &#8211; Urologia Avan\u00e7ada, preceptor da resid\u00eancia m\u00e9dica de Urologia do Hospital de Cl\u00ednicas da UFPR, coordenador do curso de Enuclea\u00e7\u00e3o Endosc\u00f3pica da Pr\u00f3stata do Scolla Centro de Treinamento, membro da Endourological Society e membro titular da Sociedade Brasileira de Urologia, atuando principalmente com foco em Doen\u00e7as da Pr\u00f3stata\u00a0e\u00a0Endourologia<\/p>\n","protected":false},"excerpt":{"rendered":"<p>Campanha mundial orienta popula\u00e7\u00e3o masculina sobre a preven\u00e7\u00e3o e o diagn\u00f3stico precoce do c\u00e2ncer de pr\u00f3stata e de outras doen\u00e7as A sa\u00fade do homem e a preven\u00e7\u00e3o ao c\u00e2ncer de pr\u00f3stata s\u00e3o o foco do Novembro Azul, campanha mundial que desde 2008 faz parte do calend\u00e1rio oficial de eventos no Brasil. Durante todo o m\u00eas, [&hellip;]<\/p>\n","protected":false},"author":1,"featured_media":1500,"comment_status":"open","ping_status":"open","sticky":false,"template":"","format":"standard","meta":{"footnotes":""},"categories":[29],"tags":[393,392],"class_list":["post-1499","post","type-post","status-publish","format-standard","has-post-thumbnail","hentry","category-artigos","tag-dr-ruimario-coelho","tag-novembro-azul"],"_links":{"self":[{"href":"https:\/\/diarioparanaense.com\/index.php?rest_route=\/wp\/v2\/posts\/1499","targetHints":{"allow":["GET"]}}],"collection":[{"href":"https:\/\/diarioparanaense.com\/index.php?rest_route=\/wp\/v2\/posts"}],"about":[{"href":"https:\/\/diarioparanaense.com\/index.php?rest_route=\/wp\/v2\/types\/post"}],"author":[{"embeddable":true,"href":"https:\/\/diarioparanaense.com\/index.php?rest_route=\/wp\/v2\/users\/1"}],"replies":[{"embeddable":true,"href":"https:\/\/diarioparanaense.com\/index.php?rest_route=%2Fwp%2Fv2%2Fcomments&post=1499"}],"version-history":[{"count":1,"href":"https:\/\/diarioparanaense.com\/index.php?rest_route=\/wp\/v2\/posts\/1499\/revisions"}],"predecessor-version":[{"id":1501,"href":"https:\/\/diarioparanaense.com\/index.php?rest_route=\/wp\/v2\/posts\/1499\/revisions\/1501"}],"wp:featuredmedia":[{"embeddable":true,"href":"https:\/\/diarioparanaense.com\/index.php?rest_route=\/wp\/v2\/media\/1500"}],"wp:attachment":[{"href":"https:\/\/diarioparanaense.com\/index.php?rest_route=%2Fwp%2Fv2%2Fmedia&parent=1499"}],"wp:term":[{"taxonomy":"category","embeddable":true,"href":"https:\/\/diarioparanaense.com\/index.php?rest_route=%2Fwp%2Fv2%2Fcategories&post=1499"},{"taxonomy":"post_tag","embeddable":true,"href":"https:\/\/diarioparanaense.com\/index.php?rest_route=%2Fwp%2Fv2%2Ftags&post=1499"}],"curies":[{"name":"wp","href":"https:\/\/api.w.org\/{rel}","templated":true}]}}