{"id":1496,"date":"2023-11-01T10:01:33","date_gmt":"2023-11-01T13:01:33","guid":{"rendered":"https:\/\/diarioparanaense.com\/?p=1496"},"modified":"2023-11-01T10:01:33","modified_gmt":"2023-11-01T13:01:33","slug":"natal-do-shopping-curitiba-sera-inaugurado-nesta-quinta-2-com-chegada-do-papai-noel","status":"publish","type":"post","link":"https:\/\/diarioparanaense.com\/?p=1496","title":{"rendered":"Natal do Shopping Curitiba ser\u00e1 inaugurado nesta quinta (2), com chegada do Papai Noel"},"content":{"rendered":"\n<p class=\"has-medium-font-size\"><em>A programa\u00e7\u00e3o est\u00e1 marcada para as 14h; o tema deste ano ser\u00e1 \u201cUm Conto de Natal\u201d<\/em><\/p>\n\n\n\n<p>Faltam poucos dias para o per\u00edodo mais m\u00e1gico do ano come\u00e7ar no Shopping Curitiba. Nesta quinta-feira (2\/11), a partir das 14h, a decora\u00e7\u00e3o de Natal ser\u00e1 inaugurada com a chegada do Papai Noel, em um l\u00fadico cortejo musical. A celebra\u00e7\u00e3o ter\u00e1 banda, bailarinas, camarim de pintura e distribui\u00e7\u00e3o de pipoca e bexigas para as fam\u00edlias.&nbsp;<\/p>\n\n\n\n<p>O tema da decora\u00e7\u00e3o ser\u00e1 \u201cUm Conto de Natal\u201d e o grande destaque \u00e9 a \u00e1rvore de Natal, com oito metros de altura. O shopping est\u00e1 ornamentado com elementos cl\u00e1ssicos, em tons de vermelho, dourado e verde, muito brilho, la\u00e7os e detalhes especiais, como soldadinhos de chumbo. O personagem t\u00edpico dos contos faz parte da decora\u00e7\u00e3o do trono do Papai Noel, e soldadinhos de chumbo paraquedistas est\u00e3o junto \u00e0s cascatas de pisca-pisca no v\u00e3o central do shopping.<\/p>\n\n\n\n<p>O corredor que liga o&nbsp;<em>mall<\/em>&nbsp;ao Largo Curitiba (Piso L2) est\u00e1 todo enfeitado&nbsp; com luzes, estrelas e bolas de Natal, formando um t\u00fanel tem\u00e1tico. \u00c9 um dos pontos favoritos dos clientes para tirar fotografias.&nbsp;<\/p>\n\n\n\n<p>A decora\u00e7\u00e3o tamb\u00e9m tem atividades infantis gratuitas, como um piano de ch\u00e3o interativo (Piso L2) e um jogo de tabuleiros gigante (Piso L1). \u00c9 claro que os pets tamb\u00e9m t\u00eam um lugar especial na programa\u00e7\u00e3o de Natal. O Shopping Curitiba preparou um trono especial para os animais de estima\u00e7\u00e3o tirarem fotos com o Bom Velhinho.&nbsp;<\/p>\n\n\n\n<p>Tradicionalmente, o Shopping Curitiba \u00e9 o primeiro shopping da cidade a inaugurar a decora\u00e7\u00e3o natalina. \u201cDaremos in\u00edcio \u00e0 programa\u00e7\u00e3o de Natal com uma linda festa. Pensamos em todos os detalhes para encantar o p\u00fablico e queremos refor\u00e7ar esse sentimento de alegria e uni\u00e3o que o Natal traz. Todos est\u00e3o convidados a participar da inaugura\u00e7\u00e3o\u201d, comenta Bruna Habinoski, gerente de Marketing do Shopping Curitiba.<\/p>\n\n\n\n<p>O Natal do Shopping Curitiba ter\u00e1 tamb\u00e9m promo\u00e7\u00f5es, a\u00e7\u00f5es solid\u00e1rias e atividades infantis especiais, que ser\u00e3o divulgadas nas pr\u00f3ximas semanas.&nbsp;<\/p>\n\n\n\n<p><strong>SERVI\u00c7O<\/strong><\/p>\n\n\n\n<p>\u201cUm Conto de Natal\u201d do Shopping Curitiba &#8211; inaugura\u00e7\u00e3o da decora\u00e7\u00e3o e chegada do Papai Noel.<\/p>\n\n\n\n<p>Quinta-feira (2\/11), \u00e0s 14h.<\/p>\n\n\n\n<p>Gratuito.<br><a href=\"https:\/\/app.isend.com.br\/iSend\/external\/A8109C9D3930CB63D5503C5D8122FE8EB6E2F1547EF8842C08847EA1C976066030958B6FADF94E92CB75CA4B752BD222ED59FD36A93F93EF47E330A2B56BEBB3B72BAD39E27E3BD0\" target=\"_blank\" rel=\"noreferrer noopener\">www.shoppingcuritiba.com.br<br><\/a><a href=\"https:\/\/app.isend.com.br\/iSend\/external\/65EC0EFC1E526078E2F281DCE9B192028F1E1E003C6B533C07204751F42BA728B1C29AF408DECEA8412A89563C43BF3F993A6451CB411466D67C03437E6BC90F7ACD3C21D8DD8FA7\" target=\"_blank\" rel=\"noreferrer noopener\">https:\/\/www.instagram.com\/shoppingcuritiba<br><\/a><a href=\"https:\/\/app.isend.com.br\/iSend\/external\/AC9A474C83678A2D238B33E63DF992CB41059D4BB42A81D1E9AF2742DDD725D81EA6545183FF4E3ADBE27EB3192131C139B67D5EB380450828FFF73ABD923B6E1310C94E078F3A7A\" target=\"_blank\" rel=\"noreferrer noopener\">www.facebook.com\/ShoppingCuritiba<\/a><\/p>\n","protected":false},"excerpt":{"rendered":"<p>A programa\u00e7\u00e3o est\u00e1 marcada para as 14h; o tema deste ano ser\u00e1 \u201cUm Conto de Natal\u201d Faltam poucos dias para o per\u00edodo mais m\u00e1gico do ano come\u00e7ar no Shopping Curitiba. Nesta quinta-feira (2\/11), a partir das 14h, a decora\u00e7\u00e3o de Natal ser\u00e1 inaugurada com a chegada do Papai Noel, em um l\u00fadico cortejo musical. A [&hellip;]<\/p>\n","protected":false},"author":1,"featured_media":1497,"comment_status":"open","ping_status":"open","sticky":false,"template":"","format":"standard","meta":{"footnotes":""},"categories":[339,186],"tags":[391],"class_list":["post-1496","post","type-post","status-publish","format-standard","has-post-thumbnail","hentry","category-entretenimento","category-eventos","tag-natal-do-shopping-curitiba"],"_links":{"self":[{"href":"https:\/\/diarioparanaense.com\/index.php?rest_route=\/wp\/v2\/posts\/1496","targetHints":{"allow":["GET"]}}],"collection":[{"href":"https:\/\/diarioparanaense.com\/index.php?rest_route=\/wp\/v2\/posts"}],"about":[{"href":"https:\/\/diarioparanaense.com\/index.php?rest_route=\/wp\/v2\/types\/post"}],"author":[{"embeddable":true,"href":"https:\/\/diarioparanaense.com\/index.php?rest_route=\/wp\/v2\/users\/1"}],"replies":[{"embeddable":true,"href":"https:\/\/diarioparanaense.com\/index.php?rest_route=%2Fwp%2Fv2%2Fcomments&post=1496"}],"version-history":[{"count":1,"href":"https:\/\/diarioparanaense.com\/index.php?rest_route=\/wp\/v2\/posts\/1496\/revisions"}],"predecessor-version":[{"id":1498,"href":"https:\/\/diarioparanaense.com\/index.php?rest_route=\/wp\/v2\/posts\/1496\/revisions\/1498"}],"wp:featuredmedia":[{"embeddable":true,"href":"https:\/\/diarioparanaense.com\/index.php?rest_route=\/wp\/v2\/media\/1497"}],"wp:attachment":[{"href":"https:\/\/diarioparanaense.com\/index.php?rest_route=%2Fwp%2Fv2%2Fmedia&parent=1496"}],"wp:term":[{"taxonomy":"category","embeddable":true,"href":"https:\/\/diarioparanaense.com\/index.php?rest_route=%2Fwp%2Fv2%2Fcategories&post=1496"},{"taxonomy":"post_tag","embeddable":true,"href":"https:\/\/diarioparanaense.com\/index.php?rest_route=%2Fwp%2Fv2%2Ftags&post=1496"}],"curies":[{"name":"wp","href":"https:\/\/api.w.org\/{rel}","templated":true}]}}