{"id":1493,"date":"2023-10-31T17:02:06","date_gmt":"2023-10-31T20:02:06","guid":{"rendered":"https:\/\/diarioparanaense.com\/?p=1493"},"modified":"2023-10-31T17:02:07","modified_gmt":"2023-10-31T20:02:07","slug":"jean-carlos-gonchorovski-assume-diretoria-de-marketing-da-acinfaz","status":"publish","type":"post","link":"https:\/\/diarioparanaense.com\/?p=1493","title":{"rendered":"Jean Carlos Gonchorovski assume diretoria de marketing da ACINFAZ"},"content":{"rendered":"\n<p class=\"has-medium-font-size\">Delmira de Lourdes Ramos, destacada empres\u00e1ria da \u00e1rea de constru\u00e7\u00e3o civil, foi eleita como a nova presidente<\/p>\n\n\n\n<p>Na Assembleia Geral realizada na segunda-feira (30), a Associa\u00e7\u00e3o Comercial e Industrial de Fazenda Rio Grande (ACINFAZ) confirmou a nomea\u00e7\u00e3o de Jean Carlos Gonchorovski como diretor de marketing da entidade.<\/p>\n\n\n\n<p>Gonchorovski \u00e9 s\u00f3cio-diretor da Indespar, empresa da \u00e1rea de real estate, e sua experi\u00eancia no mercado imobili\u00e1rio \u00e9 vista como um ativo valioso para as futuras estrat\u00e9gias de intera\u00e7\u00e3o das partes interessadas do ambiente p\u00fablico e privado de relacionamento com a ACINFAZ.<\/p>\n\n\n\n<p>Delmira de Lourdes Ramos, destacada empres\u00e1ria da \u00e1rea de constru\u00e7\u00e3o civil, foi eleita como a nova presidente da ACINFAZ para o mandato de 2024\/2025. A condu\u00e7\u00e3o da Assembleia Geral foi realizada pelo presidente do Conselho Superior, Gast\u00e3o Gonchorovski, que foi indicado para presidir a Comiss\u00e3o Eleitoral.<\/p>\n\n\n\n<p>A ACINFAZ, organiza\u00e7\u00e3o de forte representa\u00e7\u00e3o do setor produtivo, promete um futuro de realiza\u00e7\u00f5es e crescimento, proporcionando um ambiente de neg\u00f3cios em Fazenda Rio Grande, na Regi\u00e3o Metropolitana de Curitiba, munic\u00edpio que vem atingindo ritmos acelerados de crescimento econ\u00f4mico e demogr\u00e1fico.<\/p>\n\n\n\n<p>A nova gest\u00e3o, denominada ACINFAZ SOMOS MAIS, traz em sua composi\u00e7\u00e3o pessoas com experi\u00eancias empreendedoras que fortalecer\u00e3o ainda mais o novo mandato, que ter\u00e1 in\u00edcio no primeiro dia \u00fatil de 2024.<\/p>\n","protected":false},"excerpt":{"rendered":"<p>Delmira de Lourdes Ramos, destacada empres\u00e1ria da \u00e1rea de constru\u00e7\u00e3o civil, foi eleita como a nova presidente Na Assembleia Geral realizada na segunda-feira (30), a Associa\u00e7\u00e3o Comercial e Industrial de Fazenda Rio Grande (ACINFAZ) confirmou a nomea\u00e7\u00e3o de Jean Carlos Gonchorovski como diretor de marketing da entidade. Gonchorovski \u00e9 s\u00f3cio-diretor da Indespar, empresa da \u00e1rea [&hellip;]<\/p>\n","protected":false},"author":1,"featured_media":1494,"comment_status":"open","ping_status":"open","sticky":false,"template":"","format":"standard","meta":{"footnotes":""},"categories":[324],"tags":[390],"class_list":["post-1493","post","type-post","status-publish","format-standard","has-post-thumbnail","hentry","category-negocios","tag-acinfaz"],"_links":{"self":[{"href":"https:\/\/diarioparanaense.com\/index.php?rest_route=\/wp\/v2\/posts\/1493","targetHints":{"allow":["GET"]}}],"collection":[{"href":"https:\/\/diarioparanaense.com\/index.php?rest_route=\/wp\/v2\/posts"}],"about":[{"href":"https:\/\/diarioparanaense.com\/index.php?rest_route=\/wp\/v2\/types\/post"}],"author":[{"embeddable":true,"href":"https:\/\/diarioparanaense.com\/index.php?rest_route=\/wp\/v2\/users\/1"}],"replies":[{"embeddable":true,"href":"https:\/\/diarioparanaense.com\/index.php?rest_route=%2Fwp%2Fv2%2Fcomments&post=1493"}],"version-history":[{"count":1,"href":"https:\/\/diarioparanaense.com\/index.php?rest_route=\/wp\/v2\/posts\/1493\/revisions"}],"predecessor-version":[{"id":1495,"href":"https:\/\/diarioparanaense.com\/index.php?rest_route=\/wp\/v2\/posts\/1493\/revisions\/1495"}],"wp:featuredmedia":[{"embeddable":true,"href":"https:\/\/diarioparanaense.com\/index.php?rest_route=\/wp\/v2\/media\/1494"}],"wp:attachment":[{"href":"https:\/\/diarioparanaense.com\/index.php?rest_route=%2Fwp%2Fv2%2Fmedia&parent=1493"}],"wp:term":[{"taxonomy":"category","embeddable":true,"href":"https:\/\/diarioparanaense.com\/index.php?rest_route=%2Fwp%2Fv2%2Fcategories&post=1493"},{"taxonomy":"post_tag","embeddable":true,"href":"https:\/\/diarioparanaense.com\/index.php?rest_route=%2Fwp%2Fv2%2Ftags&post=1493"}],"curies":[{"name":"wp","href":"https:\/\/api.w.org\/{rel}","templated":true}]}}