{"id":1490,"date":"2023-10-31T16:07:34","date_gmt":"2023-10-31T19:07:34","guid":{"rendered":"https:\/\/diarioparanaense.com\/?p=1490"},"modified":"2023-10-31T16:07:34","modified_gmt":"2023-10-31T19:07:34","slug":"vitoria-vik-deixa-o-passado-para-tras-e-foca-em-sua-carreira-apos-polemica-com-o-caneta-azul","status":"publish","type":"post","link":"https:\/\/diarioparanaense.com\/?p=1490","title":{"rendered":"Vit\u00f3ria Vik deixa o passado para tr\u00e1s e foca em sua carreira ap\u00f3s pol\u00eamica com o Caneta Azul"},"content":{"rendered":"\n<p>Ap\u00f3s toda a intensa repercuss\u00e3o envolvendo Vit\u00f3ria Vik e o famoso &#8220;Caneta Azul&#8221;, a cantora est\u00e1 pronta para come\u00e7ar uma nova fase de sua vida, deixando o passado para tr\u00e1s e focando em si mesma e em sua carreira promissora.<\/p>\n\n\n\n<p>Nos \u00faltimos meses, Vit\u00f3ria Vik enfrentou um turbilh\u00e3o de emo\u00e7\u00f5es e adversidades. Ao revelar seu envolvimento com o Caneta Azul, a artista foi alvo de julgamentos e cr\u00edticas desde o in\u00edcio do relacionamento. Contudo, ao detalhar recentemente todo o ocorrido, algo inesperado ocorreu: a revela\u00e7\u00e3o tornou as cr\u00edticas em solidariedade e empatia.<\/p>\n\n\n\n<p>A cantora recebeu mensagens de apoio e encorajamento de mulheres que antes a julgavam, que reconheceram as dificuldades da exposi\u00e7\u00e3o p\u00fablica e a coragem de lidar com as consequ\u00eancias de suas a\u00e7\u00f5es. Com essa nova for\u00e7a e incentivo, Vit\u00f3ria decidiu buscar novos projetos para transformar seu futuro, honrando a confian\u00e7a que suas f\u00e3s depositaram nela.<\/p>\n\n\n\n<p>Entretanto, a hist\u00f3ria de Vit\u00f3ria n\u00e3o se resume apenas a essa controv\u00e9rsia. A cantora passou por uma dura perda pessoal este ano, quando sua filha veio a \u00f3bito. Ainda abalada pela tristeza, Vit\u00f3ria compartilhou o luto publicamente, afirmando que foi extremamente dif\u00edcil, pois o correto seria os filhos enterrarem os pais e n\u00e3o ao contr\u00e1rio.<\/p>\n\n\n\n<p>Al\u00e9m disso, outro baque devastador atingiu a vida de Vit\u00f3ria quando seu filho sofreu um acidente durante esse per\u00edodo conturbado. Essas duas trag\u00e9dias ocorrendo quase ao mesmo tempo tornaram essa fase particularmente dif\u00edcil para a cantora.<\/p>\n\n\n\n<p>No entanto, mesmo diante de tantas adversidades, Vit\u00f3ria tem buscado for\u00e7as para superar esses obst\u00e1culos e se reerguer. Ela est\u00e1 determinada a se tornar um exemplo de supera\u00e7\u00e3o para seus filhos e para as mulheres que a apoiam, buscando assim transformar a dor em motiva\u00e7\u00e3o para alcan\u00e7ar seus objetivos na carreira e na vida pessoal.<\/p>\n\n\n\n<p>Vit\u00f3ria \u00e9 uma artista que est\u00e1 sempre se reinventando e buscando novas formas de se conectar com seu p\u00fablico. Com uma carreira musical s\u00f3lida, ela vem repaginada, trazendo uma s\u00e9rie de novidades para seus f\u00e3s. Al\u00e9m de seu talento indiscut\u00edvel como cantora, a artista agora se aventura no mundo dos podcasts, com o pr\u00f3prio programa, intitulado PodStar. Nesse novo projeto, Vit\u00f3ria mostra mais uma vez sua versatilidade, abordando diferentes temas, entrevistando convidados especiais e compartilhando sua perspectiva \u00fanica com os ouvintes. Essa iniciativa demonstra o dinamismo e a vontade constante de inovar e se reinventar que acompanham Vit\u00f3ria em sua carreira.<\/p>\n\n\n\n<p>Al\u00e9m disso, a cantora tamb\u00e9m nos surpreende com novidades na sua carreira musical. Com uma sonoridade atual e letras cativantes, a artista conquista novamente o cora\u00e7\u00e3o do p\u00fablico e se firma como uma das grandes promessas da m\u00fasica atual. Seu talento e dedica\u00e7\u00e3o s\u00e3o evidentes, e \u00e9 empolgante acompanhar sua evolu\u00e7\u00e3o e as surpresas que ela nos reserva.<\/p>\n\n\n\n<p>A nova fase de Vit\u00f3ria Vik mostra sua resili\u00eancia e determina\u00e7\u00e3o para enfrentar os desafios que surgem em sua jornada. Com o apoio renovado de suas seguidoras e a garra de quem deseja construir um futuro promissor, a cantora segue em busca do seu lugar ao sol, com a inten\u00e7\u00e3o de se tornar o orgulho tanto para seus filhos quanto para todas as mulheres que&nbsp;torcem&nbsp;por&nbsp;ela.<\/p>\n","protected":false},"excerpt":{"rendered":"<p>Ap\u00f3s toda a intensa repercuss\u00e3o envolvendo Vit\u00f3ria Vik e o famoso &#8220;Caneta Azul&#8221;, a cantora est\u00e1 pronta para come\u00e7ar uma nova fase de sua vida, deixando o passado para tr\u00e1s e focando em si mesma e em sua carreira promissora. Nos \u00faltimos meses, Vit\u00f3ria Vik enfrentou um turbilh\u00e3o de emo\u00e7\u00f5es e adversidades. Ao revelar seu [&hellip;]<\/p>\n","protected":false},"author":1,"featured_media":1491,"comment_status":"open","ping_status":"open","sticky":false,"template":"","format":"standard","meta":{"footnotes":""},"categories":[27],"tags":[389],"class_list":["post-1490","post","type-post","status-publish","format-standard","has-post-thumbnail","hentry","category-musica","tag-vitoria-vik"],"_links":{"self":[{"href":"https:\/\/diarioparanaense.com\/index.php?rest_route=\/wp\/v2\/posts\/1490","targetHints":{"allow":["GET"]}}],"collection":[{"href":"https:\/\/diarioparanaense.com\/index.php?rest_route=\/wp\/v2\/posts"}],"about":[{"href":"https:\/\/diarioparanaense.com\/index.php?rest_route=\/wp\/v2\/types\/post"}],"author":[{"embeddable":true,"href":"https:\/\/diarioparanaense.com\/index.php?rest_route=\/wp\/v2\/users\/1"}],"replies":[{"embeddable":true,"href":"https:\/\/diarioparanaense.com\/index.php?rest_route=%2Fwp%2Fv2%2Fcomments&post=1490"}],"version-history":[{"count":1,"href":"https:\/\/diarioparanaense.com\/index.php?rest_route=\/wp\/v2\/posts\/1490\/revisions"}],"predecessor-version":[{"id":1492,"href":"https:\/\/diarioparanaense.com\/index.php?rest_route=\/wp\/v2\/posts\/1490\/revisions\/1492"}],"wp:featuredmedia":[{"embeddable":true,"href":"https:\/\/diarioparanaense.com\/index.php?rest_route=\/wp\/v2\/media\/1491"}],"wp:attachment":[{"href":"https:\/\/diarioparanaense.com\/index.php?rest_route=%2Fwp%2Fv2%2Fmedia&parent=1490"}],"wp:term":[{"taxonomy":"category","embeddable":true,"href":"https:\/\/diarioparanaense.com\/index.php?rest_route=%2Fwp%2Fv2%2Fcategories&post=1490"},{"taxonomy":"post_tag","embeddable":true,"href":"https:\/\/diarioparanaense.com\/index.php?rest_route=%2Fwp%2Fv2%2Ftags&post=1490"}],"curies":[{"name":"wp","href":"https:\/\/api.w.org\/{rel}","templated":true}]}}