{"id":1487,"date":"2023-10-31T15:30:08","date_gmt":"2023-10-31T18:30:08","guid":{"rendered":"https:\/\/diarioparanaense.com\/?p=1487"},"modified":"2023-10-31T15:30:09","modified_gmt":"2023-10-31T18:30:09","slug":"curitiba-recebe-primeiro-jantar-harmonizado-seguro-para-celiacos-intolerantes-a-lactose-e-aplvs","status":"publish","type":"post","link":"https:\/\/diarioparanaense.com\/?p=1487","title":{"rendered":"Curitiba recebe primeiro jantar harmonizado seguro para cel\u00edacos, intolerantes \u00e0 lactose e APLVs"},"content":{"rendered":"\n<p class=\"has-medium-font-size\">Evento apresenta 5 pratos sem gl\u00faten, sem lactose e sem prote\u00edna do leite, bate-papo sobre empreendedorismo e m\u00fasica ao vivo<\/p>\n\n\n\n<p>No dia 16 de novembro, quinta-feira, a partir das 19h, a Suli Confeitaria e Padaria Funcional ser\u00e1 palco de um evento inovador e inclusivo. O &#8220;Harmonizando a Vida &#8211; Vinhos &amp; Comidas Funcionais&#8221; promete uma experi\u00eancia gastron\u00f4mica \u00fanica, especialmente criada para atender \u00e0s necessidades de pessoas com restri\u00e7\u00f5es alimentares como cel\u00edacos, intolerantes \u00e0 lactose, APVLs e entusiastas da culin\u00e1ria funcional.<\/p>\n\n\n\n<p>O evento , concebido pela renomada sommeli\u00e8re Lindslei Antunes, contar\u00e1 com cinco pratos cuidadosamente harmonizados, acompanhados por tr\u00eas r\u00f3tulos de vinhos e dois r\u00f3tulos de espumantes, proporcionando uma experi\u00eancia sensorial \u00fanica.<\/p>\n\n\n\n<p>Al\u00e9m da experi\u00eancia gastron\u00f4mica, o evento contar\u00e1 com a participa\u00e7\u00e3o da empreendedora Debora Trinkaus, s\u00f3cia da Nutfree Alimentos Saud\u00e1veis. Debora ir\u00e1 compartilhar sua jornada empreendedora e sua participa\u00e7\u00e3o no programa de televis\u00e3o Shark Thank Brasil, em um inspirador bate-papo sobre neg\u00f3cios com direito \u00e0 participa\u00e7\u00e3o especial de Jo\u00e3o Appolin\u00e1rio, CEO da Polishop e s\u00f3cio da empresa.<\/p>\n\n\n\n<p>A trilha sonora do evento ser\u00e1 embalada pela voz da talentosa Janine Mathias, cantora e cel\u00edaca, que enriquecer\u00e1 a atmosfera do jantar com sua m\u00fasica.<\/p>\n\n\n\n<p>O Harmonizando a Vida \u00e9 uma iniciativa da sommeli\u00e8re Lindslei Antunes, da Celebrar Vinhos e Espumantes, da Nutfree Alimentos Saud\u00e1veis, da Suli Confeitaria e Padaria Funcional e da jornalista Nina Machado, criadora do Ficar Bem aos 40.<\/p>\n\n\n\n<p><strong>Card\u00e1pio<\/strong>:<\/p>\n\n\n\n<p class=\"has-medium-font-size\">Welcome drink<\/p>\n\n\n\n<p><strong>Pratos<\/strong>:<\/p>\n\n\n\n<p>Torta r\u00fastica com vinho ros\u00e9 Malbec Marco Luigi<\/p>\n\n\n\n<p>Wrap de Frango com espumante Prosecco Marco Luigi<\/p>\n\n\n\n<p>Tagliatelle \u00e0 bolonhesa com vinho tinto Marselan Marco Luigi<\/p>\n\n\n\n<p><strong>Sobremesas:<\/strong><\/p>\n\n\n\n<p>Marta Rocha com espumante Moscatel Courmayeur<\/p>\n\n\n\n<p>Panetone Vegano com calda de chocolate e sorvete com espumante Demi Sec Courmayeur.<\/p>\n\n\n\n<p><strong>Servi\u00e7o<\/strong>:<\/p>\n\n\n\n<p>Evento: Harmonizando a Vida &#8211; Vinhos &amp; Comidas Funcionais<\/p>\n\n\n\n<p>Data: 16\/11\/2023<\/p>\n\n\n\n<p>Hor\u00e1rio: 19h<\/p>\n\n\n\n<p>Endere\u00e7o: Suli Confeitaria e Padaria Funcional, Rua Rocha Pombo, 680 &#8211; Juvev\u00ea<\/p>\n\n\n\n<p>Valor: R$ 250,00 por pessoa<br>Informa\u00e7\u00f5es e inscri\u00e7\u00f5es: (41) 99861-8214 ou (41) 99243-3369<\/p>\n\n\n\n<p><strong>Vagas\u00a0limitadas<\/strong><\/p>\n","protected":false},"excerpt":{"rendered":"<p>Evento apresenta 5 pratos sem gl\u00faten, sem lactose e sem prote\u00edna do leite, bate-papo sobre empreendedorismo e m\u00fasica ao vivo No dia 16 de novembro, quinta-feira, a partir das 19h, a Suli Confeitaria e Padaria Funcional ser\u00e1 palco de um evento inovador e inclusivo. O &#8220;Harmonizando a Vida &#8211; Vinhos &amp; Comidas Funcionais&#8221; promete uma [&hellip;]<\/p>\n","protected":false},"author":1,"featured_media":1488,"comment_status":"open","ping_status":"open","sticky":false,"template":"","format":"standard","meta":{"footnotes":""},"categories":[186],"tags":[388],"class_list":["post-1487","post","type-post","status-publish","format-standard","has-post-thumbnail","hentry","category-eventos","tag-suli-confeitaria-e-padaria-funcional"],"_links":{"self":[{"href":"https:\/\/diarioparanaense.com\/index.php?rest_route=\/wp\/v2\/posts\/1487","targetHints":{"allow":["GET"]}}],"collection":[{"href":"https:\/\/diarioparanaense.com\/index.php?rest_route=\/wp\/v2\/posts"}],"about":[{"href":"https:\/\/diarioparanaense.com\/index.php?rest_route=\/wp\/v2\/types\/post"}],"author":[{"embeddable":true,"href":"https:\/\/diarioparanaense.com\/index.php?rest_route=\/wp\/v2\/users\/1"}],"replies":[{"embeddable":true,"href":"https:\/\/diarioparanaense.com\/index.php?rest_route=%2Fwp%2Fv2%2Fcomments&post=1487"}],"version-history":[{"count":1,"href":"https:\/\/diarioparanaense.com\/index.php?rest_route=\/wp\/v2\/posts\/1487\/revisions"}],"predecessor-version":[{"id":1489,"href":"https:\/\/diarioparanaense.com\/index.php?rest_route=\/wp\/v2\/posts\/1487\/revisions\/1489"}],"wp:featuredmedia":[{"embeddable":true,"href":"https:\/\/diarioparanaense.com\/index.php?rest_route=\/wp\/v2\/media\/1488"}],"wp:attachment":[{"href":"https:\/\/diarioparanaense.com\/index.php?rest_route=%2Fwp%2Fv2%2Fmedia&parent=1487"}],"wp:term":[{"taxonomy":"category","embeddable":true,"href":"https:\/\/diarioparanaense.com\/index.php?rest_route=%2Fwp%2Fv2%2Fcategories&post=1487"},{"taxonomy":"post_tag","embeddable":true,"href":"https:\/\/diarioparanaense.com\/index.php?rest_route=%2Fwp%2Fv2%2Ftags&post=1487"}],"curies":[{"name":"wp","href":"https:\/\/api.w.org\/{rel}","templated":true}]}}