{"id":1484,"date":"2023-10-30T16:17:03","date_gmt":"2023-10-30T19:17:03","guid":{"rendered":"https:\/\/diarioparanaense.com\/?p=1484"},"modified":"2023-10-30T16:17:04","modified_gmt":"2023-10-30T19:17:04","slug":"mudancas-de-temperatura-exigem-atencao-com-a-amigdalite","status":"publish","type":"post","link":"https:\/\/diarioparanaense.com\/?p=1484","title":{"rendered":"Mudan\u00e7as de temperatura exigem aten\u00e7\u00e3o com a amigdalite"},"content":{"rendered":"\n<p class=\"has-medium-font-size\">Doen\u00e7a comumente confundida com a faringite requer cuidados especiais para evitar complica\u00e7\u00f5es<\/p>\n\n\n\n<p>A primavera \u00e9 uma esta\u00e7\u00e3o marcada pela grande varia\u00e7\u00e3o de temperatura durante os dias. Um dos impactos dessa volatilidade \u00e9 a maior incid\u00eancia de doen\u00e7as respirat\u00f3rias, entre elas, a amigdalite. A oscila\u00e7\u00e3o de temperatura ocasiona uma queda na imunidade, uma vez que a energia \u00e9 gasta para manter a temperatura corporal constante. Assim, a popula\u00e7\u00e3o fica mais suscet\u00edvel a infec\u00e7\u00f5es.<\/p>\n\n\n\n<p>Em 2023, a primavera ainda est\u00e1 sob influ\u00eancia do fen\u00f4meno meteorol\u00f3gico El Ni\u00f1o, que deve provocar, segundo o Sistema Meteorol\u00f3gico do Paran\u00e1 (Simepar), a ocorr\u00eancia de temperaturas altas alternadas com fortes chuvas, rajadas de vento e granizo no estado. Essas condi\u00e7\u00f5es favorecem ainda mais a ocorr\u00eancia de doen\u00e7as respirat\u00f3rias.<\/p>\n\n\n\n<p>Por isso, as medidas de preven\u00e7\u00e3o s\u00e3o essenciais. A ado\u00e7\u00e3o de h\u00e1bitos saud\u00e1veis aliados a cuidados simples de higiene \u00e9 fundamental para evitar a contamina\u00e7\u00e3o. \u201cPara prevenir, \u00e9 importante prestar aten\u00e7\u00e3o nas precau\u00e7\u00f5es de contato como, por exemplo, manter os ambientes ventilados, lavar as m\u00e3os e fazer o uso de m\u00e1scaras. Al\u00e9m disso, h\u00e1bitos como comer bem, dormir bem, praticar esportes e manter a rinite equilibrada tamb\u00e9m ajudam na preven\u00e7\u00e3o\u201d, detalha Fabiano de Trotta, otorrinolaringologista do Hospital IPO.<\/p>\n\n\n\n<p>Em caso de surgimento de sintomas, a aten\u00e7\u00e3o deve ser redobrada j\u00e1 que, muitas vezes, o quadro apresenta sintomas parecidos com os de faringite, como dor e irrita\u00e7\u00e3o na garganta, algumas vezes acompanhados de tosse seca e rouquid\u00e3o. J\u00e1 a febre, dores nas laterais do pesco\u00e7o, ocorr\u00eancia de pus e dificuldade para engolir, s\u00e3o sinais claros de infec\u00e7\u00e3o nas am\u00edgdalas, que podem ter como causadores agentes virais ou bacterianos.<\/p>\n\n\n\n<p>\u201cA amigdalite viral \u00e9 mais frequente em crian\u00e7as do que em adultos. \u00c9 dif\u00edcil diferenciar um quadro do outro, porque muitos dos sintomas s\u00e3o iguais. Por\u00e9m, a amigdalite bacteriana tende a formar mais placas purulentas, fazer febre mais alta e ter piora progressiva ao longo dos dias\u201d, prossegue de Trotta.<\/p>\n\n\n\n<p>Estudo da Editora StatPearls, dos Estados Unidos, apontou que a faixa de idade que mais \u00e9 acometida pela doen\u00e7a \u00e9 entre 5 e 15 anos, com 15% a 30% dos casos de amigdalite sendo nessa faixa et\u00e1ria. No entanto, adultos que t\u00eam doen\u00e7as cr\u00f4nicas e h\u00e1bitos como o tabagismo e o alcoolismo tamb\u00e9m s\u00e3o mais suscet\u00edveis a essas infec\u00e7\u00f5es.<\/p>\n\n\n\n<p>Independentemente da idade, as am\u00edgdalas s\u00e3o partes fundamentais na prote\u00e7\u00e3o do corpo contra diversas doen\u00e7as. Sem o tratamento adequado, quadros de amigdalites virais e bacterianas podem evoluir e causar complica\u00e7\u00f5es. Por isso, a preven\u00e7\u00e3o \u00e9 essencial durante per\u00edodos de alta amplitude t\u00e9rmica, assim como o atendimento m\u00e9dico especializado para garantir o diagn\u00f3stico&nbsp;correto.<\/p>\n","protected":false},"excerpt":{"rendered":"<p>Doen\u00e7a comumente confundida com a faringite requer cuidados especiais para evitar complica\u00e7\u00f5es A primavera \u00e9 uma esta\u00e7\u00e3o marcada pela grande varia\u00e7\u00e3o de temperatura durante os dias. Um dos impactos dessa volatilidade \u00e9 a maior incid\u00eancia de doen\u00e7as respirat\u00f3rias, entre elas, a amigdalite. A oscila\u00e7\u00e3o de temperatura ocasiona uma queda na imunidade, uma vez que a [&hellip;]<\/p>\n","protected":false},"author":1,"featured_media":1485,"comment_status":"open","ping_status":"open","sticky":false,"template":"","format":"standard","meta":{"footnotes":""},"categories":[164],"tags":[387],"class_list":["post-1484","post","type-post","status-publish","format-standard","has-post-thumbnail","hentry","category-saude-2","tag-amigdalite"],"_links":{"self":[{"href":"https:\/\/diarioparanaense.com\/index.php?rest_route=\/wp\/v2\/posts\/1484","targetHints":{"allow":["GET"]}}],"collection":[{"href":"https:\/\/diarioparanaense.com\/index.php?rest_route=\/wp\/v2\/posts"}],"about":[{"href":"https:\/\/diarioparanaense.com\/index.php?rest_route=\/wp\/v2\/types\/post"}],"author":[{"embeddable":true,"href":"https:\/\/diarioparanaense.com\/index.php?rest_route=\/wp\/v2\/users\/1"}],"replies":[{"embeddable":true,"href":"https:\/\/diarioparanaense.com\/index.php?rest_route=%2Fwp%2Fv2%2Fcomments&post=1484"}],"version-history":[{"count":1,"href":"https:\/\/diarioparanaense.com\/index.php?rest_route=\/wp\/v2\/posts\/1484\/revisions"}],"predecessor-version":[{"id":1486,"href":"https:\/\/diarioparanaense.com\/index.php?rest_route=\/wp\/v2\/posts\/1484\/revisions\/1486"}],"wp:featuredmedia":[{"embeddable":true,"href":"https:\/\/diarioparanaense.com\/index.php?rest_route=\/wp\/v2\/media\/1485"}],"wp:attachment":[{"href":"https:\/\/diarioparanaense.com\/index.php?rest_route=%2Fwp%2Fv2%2Fmedia&parent=1484"}],"wp:term":[{"taxonomy":"category","embeddable":true,"href":"https:\/\/diarioparanaense.com\/index.php?rest_route=%2Fwp%2Fv2%2Fcategories&post=1484"},{"taxonomy":"post_tag","embeddable":true,"href":"https:\/\/diarioparanaense.com\/index.php?rest_route=%2Fwp%2Fv2%2Ftags&post=1484"}],"curies":[{"name":"wp","href":"https:\/\/api.w.org\/{rel}","templated":true}]}}