{"id":1481,"date":"2023-10-30T16:04:59","date_gmt":"2023-10-30T19:04:59","guid":{"rendered":"https:\/\/diarioparanaense.com\/?p=1481"},"modified":"2023-10-30T16:04:59","modified_gmt":"2023-10-30T19:04:59","slug":"rede-de-farmacias-nissei-chega-em-ivaipora-com-solidariedade-e-qualidade-em-saude","status":"publish","type":"post","link":"https:\/\/diarioparanaense.com\/?p=1481","title":{"rendered":"Rede de Farm\u00e1cias Nissei chega em Ivaipor\u00e3 com solidariedade e qualidade em sa\u00fade"},"content":{"rendered":"\n<p class=\"has-medium-font-size\">Empresa ofereceu aux\u00edlio \u00e0s fam\u00edlias atingidas pelos desastres naturais ocorridos nas \u00faltimas semanas<\/p>\n\n\n\n<p>A rede de Farm\u00e1cias Nissei chegou \u00e0 cidade de Ivaipor\u00e3 nesta quinta-feira, dia 26, com o objetivo de prestar aux\u00edlio aos moradores da cidade que foram afetados pelos desastres naturais ocorridos na regi\u00e3o nas \u00faltimas semanas. A empresa contribuiu fornecendo telhas para a restaura\u00e7\u00e3o das casas atingidas, ao mesmo tempo em que inaugurou sua primeira loja no munic\u00edpio.<\/p>\n\n\n\n<p>&#8220;A destina\u00e7\u00e3o dessas doa\u00e7\u00f5es visa beneficiar as fam\u00edlias assistidas pelo Centro de Refer\u00eancia da Assist\u00eancia Social (CRAS), buscando ajudar aquelas que se encontram em situa\u00e7\u00e3o de vulnerabilidade devido aos danos causados por chuvas em suas moradias&#8221;, explicou Silvana Zancanella Pessutti, secret\u00e1ria de Assist\u00eancia Social de Ivaipor\u00e3.<\/p>\n\n\n\n<p>O CEO da rede, Alexandre Maeoka, comenta que essa a\u00e7\u00e3o solid\u00e1ria reflete o compromisso da marca com a comunidade.<\/p>\n\n\n\n<p>&#8220;Estamos sempre empenhados em atender \u00e0s necessidades da comunidade onde estamos inseridos. Entendemos que o nosso compromisso com o bem-estar da popula\u00e7\u00e3o vai muito al\u00e9m da presta\u00e7\u00e3o de servi\u00e7os de sa\u00fade&#8221;, ressalta.<\/p>\n\n\n\n<p class=\"has-medium-font-size\">Primeira loja na cidade<\/p>\n\n\n\n<p>Al\u00e9m disso, a rede Farm\u00e1cias Nissei inaugurou sua primeira unidade em Ivaipor\u00e3. A marca \u00e9 reconhecida como a s\u00e9tima maior rede de farm\u00e1cias do pa\u00eds em termos de n\u00famero de lojas, conforme a Associa\u00e7\u00e3o Brasileira de Redes de Farm\u00e1cias e Drogarias (Abrafarma), e est\u00e1 presente nos estados do Paran\u00e1, Santa Catarina e S\u00e3o Paulo.<\/p>\n\n\n\n<p>Localizada na Avenida Castelo Branco, n\u00famero 890, a drugstore oferece uma ampla variedade de produtos, com mais de 15 mil itens, incluindo medicamentos, mercearia, perfumaria, produtos de higiene e beleza, bem como uma linha de produtos de marca pr\u00f3pria, como Cuidmais (solu\u00e7\u00f5es para cuidados pessoais e primeiros socorros), Fresha (produtos para a rotina de cuidados di\u00e1rios e higiene pessoal), Aishy (cuidados com a pele), Uni Buni T\u00ea (acess\u00f3rios de beleza, cutelaria e banho) e Goood+ (alimentos pr\u00e1ticos e saborosos).<\/p>\n\n\n\n<p>A proposta da Nissei \u00e9 ser um centro de sa\u00fade completo, oferecendo aos clientes uma cl\u00ednica farmac\u00eautica com profissionais especializados para orienta\u00e7\u00e3o e acompanhamento em diversas \u00e1reas, como calend\u00e1rio de vacina\u00e7\u00e3o, exames preventivos, acompanhamento e controle de doen\u00e7as, entre outros servi\u00e7os. Al\u00e9m disso, para obter descontos e benef\u00edcios exclusivos, os clientes podem se cadastrar no Club Nissei de Vantagens (<a href=\"https:\/\/clubnissei.com.br\/\">https:\/\/clubnissei.com.br\/<\/a>).<\/p>\n\n\n\n<p>A primeira loja de Ivaipor\u00e3 possui uma \u00e1rea de 300 metros quadrados (m\u00b2) e oferece estacionamento pr\u00f3prio para maior comodidade dos clientes durante as compras. O hor\u00e1rio de funcionamento \u00e9 de segunda a sexta-feira, das 7h \u00e0s 23h; aos s\u00e1bados, das 7h \u00e0s 22h; e domingos e feriados, das 9h \u00e0s 21h.<\/p>\n\n\n\n<p><strong>Sobre as Farm\u00e1cias Nissei<br><\/strong>Com mais de 35 anos de tradi\u00e7\u00e3o no mercado paranaense e atua\u00e7\u00e3o nos estados do Paran\u00e1, S\u00e3o Paulo e Santa Catarina, a Nissei \u00e9 considerada a s\u00e9tima maior rede de farm\u00e1cias do pa\u00eds em n\u00famero de lojas, segundo a Abrafarma (Associa\u00e7\u00e3o Brasileira de Redes de Farm\u00e1cias e Drogarias). A rede \u00e9 credenciada do Programa do Governo Federal Farm\u00e1cia Popular, que oferta descontos especiais e at\u00e9 rem\u00e9dios essenciais gratuitos. A Nissei conta hoje com mais de 370 lojas, que geram mais de 6 mil empregos diretos e atendem a mais de 3,5 milh\u00f5es de clientes por m\u00eas. A rede foi respons\u00e1vel por introduzir o conceito de drugstore no mercado paranaense e oferece ao estado o maior n\u00famero de farm\u00e1cias 24 horas. As lojas s\u00e3o conhecidas por seus espa\u00e7os modernos, de f\u00e1cil localiza\u00e7\u00e3o, amplos estacionamentos, diversidade de produtos e disponibilidade de farmac\u00eauticos qualificados, que promovem o melhor atendimento\u00a0profissional.<\/p>\n","protected":false},"excerpt":{"rendered":"<p>Empresa ofereceu aux\u00edlio \u00e0s fam\u00edlias atingidas pelos desastres naturais ocorridos nas \u00faltimas semanas A rede de Farm\u00e1cias Nissei chegou \u00e0 cidade de Ivaipor\u00e3 nesta quinta-feira, dia 26, com o objetivo de prestar aux\u00edlio aos moradores da cidade que foram afetados pelos desastres naturais ocorridos na regi\u00e3o nas \u00faltimas semanas. A empresa contribuiu fornecendo telhas para [&hellip;]<\/p>\n","protected":false},"author":1,"featured_media":1482,"comment_status":"open","ping_status":"open","sticky":false,"template":"","format":"standard","meta":{"footnotes":""},"categories":[324],"tags":[386],"class_list":["post-1481","post","type-post","status-publish","format-standard","has-post-thumbnail","hentry","category-negocios","tag-farmacias-nissei"],"_links":{"self":[{"href":"https:\/\/diarioparanaense.com\/index.php?rest_route=\/wp\/v2\/posts\/1481","targetHints":{"allow":["GET"]}}],"collection":[{"href":"https:\/\/diarioparanaense.com\/index.php?rest_route=\/wp\/v2\/posts"}],"about":[{"href":"https:\/\/diarioparanaense.com\/index.php?rest_route=\/wp\/v2\/types\/post"}],"author":[{"embeddable":true,"href":"https:\/\/diarioparanaense.com\/index.php?rest_route=\/wp\/v2\/users\/1"}],"replies":[{"embeddable":true,"href":"https:\/\/diarioparanaense.com\/index.php?rest_route=%2Fwp%2Fv2%2Fcomments&post=1481"}],"version-history":[{"count":1,"href":"https:\/\/diarioparanaense.com\/index.php?rest_route=\/wp\/v2\/posts\/1481\/revisions"}],"predecessor-version":[{"id":1483,"href":"https:\/\/diarioparanaense.com\/index.php?rest_route=\/wp\/v2\/posts\/1481\/revisions\/1483"}],"wp:featuredmedia":[{"embeddable":true,"href":"https:\/\/diarioparanaense.com\/index.php?rest_route=\/wp\/v2\/media\/1482"}],"wp:attachment":[{"href":"https:\/\/diarioparanaense.com\/index.php?rest_route=%2Fwp%2Fv2%2Fmedia&parent=1481"}],"wp:term":[{"taxonomy":"category","embeddable":true,"href":"https:\/\/diarioparanaense.com\/index.php?rest_route=%2Fwp%2Fv2%2Fcategories&post=1481"},{"taxonomy":"post_tag","embeddable":true,"href":"https:\/\/diarioparanaense.com\/index.php?rest_route=%2Fwp%2Fv2%2Ftags&post=1481"}],"curies":[{"name":"wp","href":"https:\/\/api.w.org\/{rel}","templated":true}]}}