{"id":1472,"date":"2023-10-27T10:38:09","date_gmt":"2023-10-27T13:38:09","guid":{"rendered":"https:\/\/diarioparanaense.com\/?p=1472"},"modified":"2023-10-27T10:38:09","modified_gmt":"2023-10-27T13:38:09","slug":"femingos-expoe-vulnerabilidades-com-o-lancamento-de-dancando-no-caos","status":"publish","type":"post","link":"https:\/\/diarioparanaense.com\/?p=1472","title":{"rendered":"Femingos exp\u00f5e vulnerabilidades com o lan\u00e7amento de \u201cDan\u00e7ando no Caos\u201d"},"content":{"rendered":"\n<p class=\"has-medium-font-size\">Faixa produzida pelos seis vezes indicados ao Grammy Latino, Los Brasileros, foi co-escrita com Clau, Fraga e Vic Brow.<\/p>\n\n\n\n<p class=\"has-text-align-center\">Pr\u00e9-save: <a href=\"https:\/\/umg.headmedia.com.br\/dancandonocaos\">https:\/\/umg.headmedia.com.br\/dancandonocaos<\/a><\/p>\n\n\n\n<p><br>Femingos, a sensa\u00e7\u00e3o em ascens\u00e3o na ind\u00fastria da m\u00fasica, est\u00e1 pronta para cativar o p\u00fablico com o lan\u00e7amento de seu mais recente single, &#8220;Dan\u00e7ando no Caos&#8221;. Esta m\u00fasica, interpretada por Femingos e coescrita por Femingos, Clau, Fraga, Vic Brow, e produzida pelo renomado Los Brasileros, promete ser uma revela\u00e7\u00e3o no mundo do dark pop. A faixa chega \u00e0s plataformas nesta quinta-feira, dia 26.<\/p>\n\n\n\n<p>&#8220;Dan\u00e7ando no Caos&#8221; explora o tema de superar a ansiedade e abra\u00e7ar o caos da vida. Em um mundo onde muitos se esfor\u00e7am para agradar a todos, a m\u00fasica traz \u00e0 tona a agita\u00e7\u00e3o de uma alma ansiosa para quem cada pequeno incidente parece ser o dia do ju\u00edzo final. Mas, nesta faixa, aprendemos a abra\u00e7ar o caos e dan\u00e7ar atrav\u00e9s dos desafios da vida, sendo n\u00f3s mesmos sem desculpas.<\/p>\n\n\n\n<p>A produ\u00e7\u00e3o de &#8220;Dan\u00e7ando no Caos&#8221; est\u00e1 nas m\u00e3os dos seis vezes indicados ao Grammy Latino, Los Brasileros, conhecidos por seu impressionante portf\u00f3lio de trabalho na ind\u00fastria. O lyric video da faixa \u00e9 um esfor\u00e7o colaborativo dirigido por Femingos e Amanda Lavorato.<br>Com influ\u00eancias de artistas como Billie Eilish, Sir Chloe e Paris Paloma, Femingos traz uma mistura \u00fanica de dark pop para o primeiro plano.<\/p>\n\n\n\n<p>Sobre Femingos<\/p>\n\n\n\n<p>Com mais de 248 mil seguidores apenas no Instagram, Femingos, como \u00e9 conhecida Fernanda Domingos, \u00e9 cantora e criadora de conte\u00fado digital. Atrav\u00e9s de seus perfis na web, a artista impulsiona seu trabalho apresentando ao p\u00fablico um lifestyle \u00fanico, misturando conte\u00fados de cria\u00e7\u00e3o de maquiagens, looks, viagens e claro, m\u00fasica.<\/p>\n\n\n\n<p>Levando sempre temas inspiradores para suas publica\u00e7\u00f5es, Femingos \u00e9 autora do livro \u201cDespertar Criativo\u201d, co-escrito com sua irm\u00e3, Amanda, e que objetiva impulsionar o olhar criativo do leitor atrav\u00e9s de novas perspectivas em dire\u00e7\u00e3o \u00e0 inova\u00e7\u00e3o e \u00e0&nbsp;autenticidade.<\/p>\n","protected":false},"excerpt":{"rendered":"<p>Faixa produzida pelos seis vezes indicados ao Grammy Latino, Los Brasileros, foi co-escrita com Clau, Fraga e Vic Brow. Pr\u00e9-save: https:\/\/umg.headmedia.com.br\/dancandonocaos Femingos, a sensa\u00e7\u00e3o em ascens\u00e3o na ind\u00fastria da m\u00fasica, est\u00e1 pronta para cativar o p\u00fablico com o lan\u00e7amento de seu mais recente single, &#8220;Dan\u00e7ando no Caos&#8221;. Esta m\u00fasica, interpretada por Femingos e coescrita por [&hellip;]<\/p>\n","protected":false},"author":1,"featured_media":1473,"comment_status":"open","ping_status":"open","sticky":false,"template":"","format":"standard","meta":{"footnotes":""},"categories":[27],"tags":[383],"class_list":["post-1472","post","type-post","status-publish","format-standard","has-post-thumbnail","hentry","category-musica","tag-dancando-no-caos"],"_links":{"self":[{"href":"https:\/\/diarioparanaense.com\/index.php?rest_route=\/wp\/v2\/posts\/1472","targetHints":{"allow":["GET"]}}],"collection":[{"href":"https:\/\/diarioparanaense.com\/index.php?rest_route=\/wp\/v2\/posts"}],"about":[{"href":"https:\/\/diarioparanaense.com\/index.php?rest_route=\/wp\/v2\/types\/post"}],"author":[{"embeddable":true,"href":"https:\/\/diarioparanaense.com\/index.php?rest_route=\/wp\/v2\/users\/1"}],"replies":[{"embeddable":true,"href":"https:\/\/diarioparanaense.com\/index.php?rest_route=%2Fwp%2Fv2%2Fcomments&post=1472"}],"version-history":[{"count":1,"href":"https:\/\/diarioparanaense.com\/index.php?rest_route=\/wp\/v2\/posts\/1472\/revisions"}],"predecessor-version":[{"id":1474,"href":"https:\/\/diarioparanaense.com\/index.php?rest_route=\/wp\/v2\/posts\/1472\/revisions\/1474"}],"wp:featuredmedia":[{"embeddable":true,"href":"https:\/\/diarioparanaense.com\/index.php?rest_route=\/wp\/v2\/media\/1473"}],"wp:attachment":[{"href":"https:\/\/diarioparanaense.com\/index.php?rest_route=%2Fwp%2Fv2%2Fmedia&parent=1472"}],"wp:term":[{"taxonomy":"category","embeddable":true,"href":"https:\/\/diarioparanaense.com\/index.php?rest_route=%2Fwp%2Fv2%2Fcategories&post=1472"},{"taxonomy":"post_tag","embeddable":true,"href":"https:\/\/diarioparanaense.com\/index.php?rest_route=%2Fwp%2Fv2%2Ftags&post=1472"}],"curies":[{"name":"wp","href":"https:\/\/api.w.org\/{rel}","templated":true}]}}