{"id":1465,"date":"2023-10-27T10:32:14","date_gmt":"2023-10-27T13:32:14","guid":{"rendered":"https:\/\/diarioparanaense.com\/?p=1465"},"modified":"2023-10-27T10:32:15","modified_gmt":"2023-10-27T13:32:15","slug":"garota-radical-banda-cine-reencontra-giovanna-lancellotti-no-audiovisual-de-ultimo-cliche","status":"publish","type":"post","link":"https:\/\/diarioparanaense.com\/?p=1465","title":{"rendered":"Garota radical: banda CINE reencontra Giovanna Lancellotti no audiovisual de &#8220;\u00daltimo Clich\u00ea\u201d"},"content":{"rendered":"\n<p class=\"has-medium-font-size\">Atriz foi estrela de um dos clipes mais importantes do grupo e retoma parceria no encerramento da banda<\/p>\n\n\n\n<p>Ou\u00e7a agora: <a href=\"https:\/\/umg.headmedia.com.br\/ultimocliche\">https:\/\/umg.headmedia.com.br\/ultimocliche<\/a><\/p>\n\n\n\n<p>Giovanna Lancellotti, a ic\u00f4nica &#8220;Garota Radical&#8221;, est\u00e1 de volta como a grande estrela do novo e \u00faltimo trabalho da banda CINE, intitulado &#8220;\u00daltimo Clich\u00ea&#8221;. Este projeto marca a despedida oficial da banda, que acontecer\u00e1 no dia 4 de novembro, durante o Festival Replay, em S\u00e3o Paulo. Como um gesto de agradecimento aos f\u00e3s que os acompanharam ao longo de sua hist\u00f3ria, o grupo revisita sua trajet\u00f3ria e traz Giovanna Lancellotti, conhecida por seu papel na personagem que inspirou o maior sucesso do quinteto, como a protagonista desse projeto audiovisual final. Foi interpretando a protagonista no clipe de &#8220;Garota Radical&#8221; que a atriz ganhou ainda mais reconhecimento nacional, tornando-se parte fundamental da hist\u00f3ria da banda.<\/p>\n\n\n\n<p>Formada em 2007, a banda CINE acumula uma s\u00e9rie de sucessos que perduram na mem\u00f3ria do p\u00fablico. Com &#8220;\u00daltimo Clich\u00ea&#8221;, eles celebram o reencontro com os f\u00e3s, refletindo sobre a passagem do tempo e a evolu\u00e7\u00e3o desde a era do seu auge.<br>\u00c9 um momento de celebra\u00e7\u00e3o e reencontro para o grupo e seus f\u00e3s, que aguardam ansiosamente seu retorno aos palcos.<\/p>\n\n\n\n<p>Tendo os sentimentos como mote central, a can\u00e7\u00e3o, produzida pelos vencedores do Grammy Latino, Los Brasileros, antecipa o reencontro do CINE com os f\u00e3s no primeiro show desde o encerramento da banda, em 2016. &#8220;A letra fala, basicamente, de uma forma mais madura do que sempre abordamos, s\u00e3o rela\u00e7\u00f5es, sentimentos, sensa\u00e7\u00f5es, tudo muito no foco do amor em si, das rela\u00e7\u00f5es, adoros e etc, por\u00e9m, com uma pitadinha de ironia de algumas coisas&#8221;, revela a banda.<\/p>\n\n\n\n<p>A Banda CINE est\u00e1 de volta aos palcos como atra\u00e7\u00e3o principal do Festival REPLAY, marcado para 28 de outubro no Rio de Janeiro e 4 de novembro em S\u00e3o Paulo. Este evento inovador re\u00fane \u00eddolos dos anos 2000 para proporcionar uma experi\u00eancia \u00fanica. A banda expressa sua empolga\u00e7\u00e3o e acredita que o Festival Replay \u00e9 o local perfeito para encerrar sua jornada musical.<br>Apostando na interatividade, &#8220;\u00daltimo Clich\u00ea&#8221; chega acompanhada de v\u00eddeo dedicado dirigido por Bruno Trindade Ruiz, que j\u00e1 trabalhou com nomes como Nando Reis, BK, Liniker e Vit\u00e3o, entre outros. &#8220;Para o clipe, n\u00f3s pensamos em um visual criativo com os integrantes da banda interagindo com a m\u00fasica, servindo para ilustrar o som, est\u00e1 bem legal&#8221;, adianta.<\/p>\n\n\n\n<p>Formado em 2007, o CINE coleciona sucessos e faixas que permanecem na mem\u00f3ria do p\u00fablico. A nova faixa, \u00e9 uma esp\u00e9cie de reencontro com este momento. &#8220;Para n\u00f3s, da banda, sentimos que o tempo passou muito r\u00e1pido, essa fase da banda ter acontecido, todo o boom, at\u00e9 o dia que a gente se encontra hoje, passou muito r\u00e1pido, ent\u00e3o a gente aborda isso de uma maneira at\u00e9 caricata, divertida, no som, essa passagem do tempo, esse tempo voando a\u00ed, na era da informa\u00e7\u00e3o e tudo mais&#8221;, acrescenta o grupo sobre a faixa.<\/p>\n\n\n\n<p><strong>Retorno aos palcos<\/strong><\/p>\n\n\n\n<p>Formada por DH, Bruno, Dan, Dave e Dash, a Banda CINE retorna aos palcos como headliner do Festival REPLAY, que acontece no dia 28 de outubro no Rio de Janeiro (<a href=\"https:\/\/www.sympla.com.br\/evento\/replay-festival-rio\/2094598\">https:\/\/www.sympla.com.br\/evento\/replay-festival-rio\/2094598<\/a>) e no dia 4 de novembro, em S\u00e3o Paulo (<a href=\"https:\/\/www.sympla.com.br\/evento\/replay-festival-sampa\/2094583\">https:\/\/www.sympla.com.br\/evento\/replay-festival-sampa\/2094583<\/a>). O evento \u00e9 o primeiro projeto a trazer os principais \u00eddolos dos anos 2000 reunidos em dois dias de uma experi\u00eancia diferente de tudo j\u00e1 visto no mercado.<\/p>\n\n\n\n<p>\u201cDesde que paramos, temos o sentimento de que faltava uma conclus\u00e3o para nossa caminhada. Durante esse tempo, falamos algumas vezes sobre fazermos nosso \u00faltimo show, mas nunca foi para frente. Acreditamos que encontramos o momento e lugar certos no Festival Replay, pois assim como o CINE, \u00e9 uma grande mistura de estilos musicais, mas que no final fazem muito sentido estarem juntos ali. Esperamos fazer o melhor show da carreira do CINE e estamos muito ansiosos para encontrar nossos f\u00e3s!\u201d, finaliza&nbsp;a&nbsp;banda&nbsp;CINE.<\/p>\n","protected":false},"excerpt":{"rendered":"<p>Atriz foi estrela de um dos clipes mais importantes do grupo e retoma parceria no encerramento da banda Ou\u00e7a agora: https:\/\/umg.headmedia.com.br\/ultimocliche Giovanna Lancellotti, a ic\u00f4nica &#8220;Garota Radical&#8221;, est\u00e1 de volta como a grande estrela do novo e \u00faltimo trabalho da banda CINE, intitulado &#8220;\u00daltimo Clich\u00ea&#8221;. Este projeto marca a despedida oficial da banda, que acontecer\u00e1 [&hellip;]<\/p>\n","protected":false},"author":1,"featured_media":1470,"comment_status":"open","ping_status":"open","sticky":false,"template":"","format":"standard","meta":{"footnotes":""},"categories":[27],"tags":[382],"class_list":["post-1465","post","type-post","status-publish","format-standard","has-post-thumbnail","hentry","category-musica","tag-giovanna-lancellotti"],"_links":{"self":[{"href":"https:\/\/diarioparanaense.com\/index.php?rest_route=\/wp\/v2\/posts\/1465","targetHints":{"allow":["GET"]}}],"collection":[{"href":"https:\/\/diarioparanaense.com\/index.php?rest_route=\/wp\/v2\/posts"}],"about":[{"href":"https:\/\/diarioparanaense.com\/index.php?rest_route=\/wp\/v2\/types\/post"}],"author":[{"embeddable":true,"href":"https:\/\/diarioparanaense.com\/index.php?rest_route=\/wp\/v2\/users\/1"}],"replies":[{"embeddable":true,"href":"https:\/\/diarioparanaense.com\/index.php?rest_route=%2Fwp%2Fv2%2Fcomments&post=1465"}],"version-history":[{"count":1,"href":"https:\/\/diarioparanaense.com\/index.php?rest_route=\/wp\/v2\/posts\/1465\/revisions"}],"predecessor-version":[{"id":1471,"href":"https:\/\/diarioparanaense.com\/index.php?rest_route=\/wp\/v2\/posts\/1465\/revisions\/1471"}],"wp:featuredmedia":[{"embeddable":true,"href":"https:\/\/diarioparanaense.com\/index.php?rest_route=\/wp\/v2\/media\/1470"}],"wp:attachment":[{"href":"https:\/\/diarioparanaense.com\/index.php?rest_route=%2Fwp%2Fv2%2Fmedia&parent=1465"}],"wp:term":[{"taxonomy":"category","embeddable":true,"href":"https:\/\/diarioparanaense.com\/index.php?rest_route=%2Fwp%2Fv2%2Fcategories&post=1465"},{"taxonomy":"post_tag","embeddable":true,"href":"https:\/\/diarioparanaense.com\/index.php?rest_route=%2Fwp%2Fv2%2Ftags&post=1465"}],"curies":[{"name":"wp","href":"https:\/\/api.w.org\/{rel}","templated":true}]}}