{"id":1464,"date":"2023-10-27T10:30:15","date_gmt":"2023-10-27T13:30:15","guid":{"rendered":"https:\/\/diarioparanaense.com\/?p=1464"},"modified":"2023-10-27T10:30:15","modified_gmt":"2023-10-27T13:30:15","slug":"com-tres-indicacoes-ao-grammy-rocky-dawuni-explora-as-raizes-africanas-no-brasil-em-conexao-com-a-africa-no-clipe-de-shade-tree","status":"publish","type":"post","link":"https:\/\/diarioparanaense.com\/?p=1464","title":{"rendered":"Com tr\u00eas indica\u00e7\u00f5es ao Grammy, Rocky Dawuni explora as ra\u00edzes africanas no Brasil em conex\u00e3o com a \u00c1frica no clipe de &#8220;Shade Tree&#8221;"},"content":{"rendered":"\n<p class=\"has-medium-font-size\">Can\u00e7\u00e3o integra o novo \u00e1lbum do artista, que chega \u00e0s plataformas em 2024; v\u00eddeo mostra detalhes do dia a dia do brasileiro, em Salvador, incluindo passagens pelo Pelourinho e uma feira livre<\/p>\n\n\n\n<p>Um dos pa\u00edses mais miscigenados de todo o planeta, o Brasil \u00e9 ber\u00e7o de grandes nomes e conhecido por sua diversidade cultural. Com dimens\u00f5es continentais, a na\u00e7\u00e3o atrai olhares externos por conta de suas particularidades e lugares \u00fanicos. Para o m\u00fasico internacional, compositor, produtor e ativista, Rocky Dawuni, o Estado \u00e9 um local de exposi\u00e7\u00e3o de muita arte, cultura e resist\u00eancia. Explorando as peculiaridades e mazelas brasileiras, o artista elegeu Salvador, na Bahia, como o cen\u00e1rio de seu novo clipe, &#8220;Shade Tree&#8221;. No v\u00eddeo, o artista explora locais importantes das artes no Brasil.<\/p>\n\n\n\n<p>Nascido em Gana, na \u00c1frica Ocidental, Rocky Dawuni, tr\u00eas vezes indicado ao Grammy, elegeu o Brasil como o cen\u00e1rio para o clipe da faixa. Por sua vasta conex\u00e3o com diversas culturas, o local foi a escolha certa. &#8220;Salvador, Bahia, foi o cen\u00e1rio perfeito para o v\u00eddeo da m\u00fasica &#8216;Shade Tree&#8217;, pois a cidade cresceu a partir da presen\u00e7a de todos os africanos trazidos para c\u00e1, que se encontraram e criaram esse incr\u00edvel n\u00facleo da cultura afrodescendente, um &#8216;p\u00e9 de sombra cultural&#8217; moderno que liga a \u00c1frica \u00e0 Di\u00e1spora Africana e ao resto do mundo.&#8221;, explica o artista.<\/p>\n\n\n\n<p>F\u00e3 de m\u00fasica brasileira, Rocky Dawuni viu na vinda ao Brasil a possibilidade de explorar as caracter\u00edsticas culturais. Na Bahia, ber\u00e7o do pa\u00eds e primeira capital da na\u00e7\u00e3o, quando os colonizadores portugueses chegaram para explorar nossas riquezas, Salvador \u00e9 uma cidade que respira hist\u00f3ria, cultura e acima de tudo, resist\u00eancia, tendo diversas liga\u00e7\u00f5es com a \u00c1frica. &#8220;Vejo o Brasil como uma cultura muito sofisticada, formada por ra\u00edzes t\u00e3o diversas, mas para mim, isso me proporciona uma oportunidade de me enriquecer culturalmente. Como em muitos lugares, entendo que h\u00e1 muitas quest\u00f5es relacionadas \u00e0 ra\u00e7a e \u00e0 classe social l\u00e1. Vindo de Gana, n\u00e3o crescemos com o racismo, mas crescemos com o classicismo. No entanto, ap\u00f3s viajar pelos Estados Unidos, Europa, Austr\u00e1lia e outros lugares, estou muito ciente do racismo, bem como do classicismo em escala global. Sou sempre um aprendiz e estou aberto a passar mais tempo no Brasil e aprender mais&#8221;, relata o cantor.<\/p>\n\n\n\n<p>Com dire\u00e7\u00e3o de Ema Ribeiro e produ\u00e7\u00e3o da Acessos Produtora, o clipe de &#8220;Shade Tree&#8221; \u00e9 um arauto de celebra\u00e7\u00f5es, seja no \u00e2mbito hist\u00f3rico, cultural ou de resist\u00eancia. E a escolha da profissional para a dire\u00e7\u00e3o est\u00e1 completamente atrelada \u00e0 quest\u00e3o, segundo Dawuni. &#8220;A raz\u00e3o pela qual trabalhei com a Ema \u00e9 porque, para mim, ela representa uma das diretoras femininas mais promissoras e inovadoras que emergem do Brasil hoje. Al\u00e9m disso, como ela \u00e9 residente de Salvador, sua vis\u00e3o e perspectiva cinematogr\u00e1ficas foram ativos inestim\u00e1veis para projetar a vis\u00e3o global da m\u00fasica&#8221;.<\/p>\n\n\n\n<p>Em sua primeira vez no Brasil, Rocky Dawuni viu nesta, a oportunidade de se conectar e aprender, n\u00e3o apenas com a popula\u00e7\u00e3o nativa, mas explorar ainda mais a cultura do pa\u00eds. &#8220;Sempre quis ir ao Brasil, pois adoro a m\u00fasica brasileira, incluindo Carlinhos Brown, Seu Jorge e muitos outros. Tamb\u00e9m admiro muitos escritores brasileiros, como Paulo Coelho. Al\u00e9m disso, no que diz respeito ao futebol, o Brasil \u00e9 o epicentro. Eu vejo o Brasil como uma cultura muito sofisticada, formada por ra\u00edzes t\u00e3o diversas, mas, para mim, isso me proporciona uma oportunidade de me enriquecer culturalmente&#8221;, revela.<\/p>\n\n\n\n<p>Para ilustrar o lan\u00e7amento, o artista escolheu as ruas de Salvador, na Bahia, como cen\u00e1rio do clipe, remontando a locais \u00fanicos e conhecidos por serem locais de resist\u00eancia da popula\u00e7\u00e3o negra no Brasil, como o Pelourinho. A can\u00e7\u00e3o se baseia no conceito da \u00e1rvore que fornece sombra para todas as v\u00e1rias &#8220;tonalidades&#8221; da humanidade. \u00c9 um ponto de converg\u00eancia e um o\u00e1sis para todas as pessoas. A \u00e1rvore de sombra \u00e9 onde conflitos e desacordos podem ser resolvidos; ela fornece &#8220;abrigo da chuva&#8221;, que \u00e9 compartilhado por todos. A humanidade compartilha esse destino comum porque somos natureza, e nosso destino est\u00e1 intimamente entrela\u00e7ado uns com os outros e com toda a vida, assim como as ra\u00edzes da \u00e1rvore. Sob a \u00e1rvore, somos uma comunidade em nossa individualidade.<\/p>\n\n\n\n<p>Como diz a letra, &#8220;somos um, mas n\u00e3o somos iguais&#8221;. Assim como as folhas da \u00e1rvore, n\u00e3o somos todos iguais, representamos diferentes texturas, cores e tonalidades, mas todos compartilhamos as mesmas ra\u00edzes. A can\u00e7\u00e3o \u00e9 a perspectiva de uma alma solit\u00e1ria em busca de conex\u00e3o e comunidade, que \u00e9 encontrada em v\u00e1rias manifesta\u00e7\u00f5es da vida cotidiana, onde as pessoas se re\u00fanem, celebram e encontram conex\u00e3o a partir do isolamento. Em um momento em que a \u00c1frica est\u00e1 despertando para novas realidades pol\u00edticas e o mundo est\u00e1 lidando com divis\u00f5es geopol\u00edticas mais amplas, esta \u00e9 uma can\u00e7\u00e3o comovente que lembra as pessoas de nossa humanidade compartilhada.<\/p>\n\n\n\n<p>O som \u00fanico de &#8220;Shade Tree&#8221; de Rocky Dawuni mistura Roots Reggae, Afrobeat, Highlife, Soul, Pop e muito mais.<\/p>\n\n\n\n<p><strong>Sobre Rocky Dawuni<\/strong><\/p>\n\n\n\n<p>Nascido em Gana, na \u00c1frica Ocidental, Rocky Dawuni alcan\u00e7ou fama mundial com seu trabalho, que o fez dividir palco com alguns dos maiores nomes da m\u00fasica mundial como Stevie Wonder, Ozomatli, Peter Gabriel, Angelique Kidjo e muitos outros.<\/p>\n\n\n\n<p>Nomeado um dos 10 maiores astros globais da \u00c1frica pela CNN, tendo mostrado seu talento em locais prestigiosos como o Kennedy Center, Lincoln Center e o Hollywood Bowl, nos Estados Unidos, Rocky utiliza sua fama para impulsionar diversas causas sociais. Ativista dedicado, atua como Embaixador da Boa Vontade da ONU para o Meio Ambiente na \u00c1frica e \u00e9 Embaixador Global do Dia Mundial da Cultura Africana e Afrodescendente, al\u00e9m de liderar sua pr\u00f3pria Funda\u00e7\u00e3o Rocky Dawuni. Atrav\u00e9s dessas e de outras designa\u00e7\u00f5es, ele usa sua m\u00fasica para lan\u00e7ar luz sobre quest\u00f5es cruciais enfrentadas pela humanidade em todo o mundo, por meio de shows ao vivo, palestras, pain\u00e9is, empoderamento da juventude e muito mais.<\/p>\n\n\n\n<p>&#8220;Shade Tree&#8221;, escrita por Rocky Dawuni, conta com a produ\u00e7\u00e3o adicional do engenheiro e m\u00fasico extraordin\u00e1rio nomeado ao GRAMMY, Anthony Brewster, bem como do renomado engenheiro Michael Vail Blum. A can\u00e7\u00e3o foi mixada pelo engenheiro e produtor vencedor de v\u00e1rios GRAMMYs, Qmillion, tamb\u00e9m conhecido por seu trabalho nos \u00e1lbuns &#8220;Black Radio&#8221; de Robert Glasper, Seun Kuti e outros. Com influ\u00eancias diversas e estilos vocais que \u00e0s vezes lembram cantores cl\u00e1ssicos de soul como Curtis Mayfield e D&#8217;Angelo, com uma abordagem de produ\u00e7\u00e3o que mescla elementos de Hip Hop, Reggae e coment\u00e1rios sociais emocionantes, &#8220;Shade Tree&#8221; mant\u00e9m as coisas em movimento com seu irresist\u00edvel groove consciente, anunciando um novo mundo&nbsp;de&nbsp;esperan\u00e7a.<\/p>\n","protected":false},"excerpt":{"rendered":"<p>Can\u00e7\u00e3o integra o novo \u00e1lbum do artista, que chega \u00e0s plataformas em 2024; v\u00eddeo mostra detalhes do dia a dia do brasileiro, em Salvador, incluindo passagens pelo Pelourinho e uma feira livre Um dos pa\u00edses mais miscigenados de todo o planeta, o Brasil \u00e9 ber\u00e7o de grandes nomes e conhecido por sua diversidade cultural. Com [&hellip;]<\/p>\n","protected":false},"author":1,"featured_media":1468,"comment_status":"open","ping_status":"open","sticky":false,"template":"","format":"standard","meta":{"footnotes":""},"categories":[27],"tags":[381],"class_list":["post-1464","post","type-post","status-publish","format-standard","has-post-thumbnail","hentry","category-musica","tag-rocky-dawuni"],"_links":{"self":[{"href":"https:\/\/diarioparanaense.com\/index.php?rest_route=\/wp\/v2\/posts\/1464","targetHints":{"allow":["GET"]}}],"collection":[{"href":"https:\/\/diarioparanaense.com\/index.php?rest_route=\/wp\/v2\/posts"}],"about":[{"href":"https:\/\/diarioparanaense.com\/index.php?rest_route=\/wp\/v2\/types\/post"}],"author":[{"embeddable":true,"href":"https:\/\/diarioparanaense.com\/index.php?rest_route=\/wp\/v2\/users\/1"}],"replies":[{"embeddable":true,"href":"https:\/\/diarioparanaense.com\/index.php?rest_route=%2Fwp%2Fv2%2Fcomments&post=1464"}],"version-history":[{"count":1,"href":"https:\/\/diarioparanaense.com\/index.php?rest_route=\/wp\/v2\/posts\/1464\/revisions"}],"predecessor-version":[{"id":1469,"href":"https:\/\/diarioparanaense.com\/index.php?rest_route=\/wp\/v2\/posts\/1464\/revisions\/1469"}],"wp:featuredmedia":[{"embeddable":true,"href":"https:\/\/diarioparanaense.com\/index.php?rest_route=\/wp\/v2\/media\/1468"}],"wp:attachment":[{"href":"https:\/\/diarioparanaense.com\/index.php?rest_route=%2Fwp%2Fv2%2Fmedia&parent=1464"}],"wp:term":[{"taxonomy":"category","embeddable":true,"href":"https:\/\/diarioparanaense.com\/index.php?rest_route=%2Fwp%2Fv2%2Fcategories&post=1464"},{"taxonomy":"post_tag","embeddable":true,"href":"https:\/\/diarioparanaense.com\/index.php?rest_route=%2Fwp%2Fv2%2Ftags&post=1464"}],"curies":[{"name":"wp","href":"https:\/\/api.w.org\/{rel}","templated":true}]}}