{"id":1463,"date":"2023-10-27T10:28:32","date_gmt":"2023-10-27T13:28:32","guid":{"rendered":"https:\/\/diarioparanaense.com\/?p=1463"},"modified":"2023-10-27T10:28:32","modified_gmt":"2023-10-27T13:28:32","slug":"paulo-pires-e-grego-entram-no-top-50-viral-brasil-com-o-hit-zero-apego","status":"publish","type":"post","link":"https:\/\/diarioparanaense.com\/?p=1463","title":{"rendered":"Paulo Pires e Grego entram no Top 50 viral Brasil com o hit \u201cZero Apego\u201d"},"content":{"rendered":"\n<p class=\"has-medium-font-size\">Can\u00e7\u00e3o \u00e9 a posi\u00e7\u00e3o 45\u00b0 do TOP 200 Brasil<\/p>\n\n\n\n<p>\u00c9 hit! Nesta quarta-feira, \u201cZero Apego\u201d a nova aposta de Paulo Pires e Grego explodiu e entrou para o TOP 50 Viral Brasil, do Spotify. Al\u00e9m disso, a m\u00fasica tamb\u00e9m se encontra no TOP 200 Brasil, na posi\u00e7\u00e3o 45\u00b0.<\/p>\n\n\n\n<p>Com composi\u00e7\u00e3o de Grego, a faixa traz a mistura do funk e piseiro. \u201cMeu Lema \u00e9 zero apego\/ Mais t\u00e1 pedindo arrego\/ S\u00f3 basta lembrar dos beijos com gostinho de quero mais\u201d, cantam os artistas.<\/p>\n\n\n\n<p>Com dire\u00e7\u00e3o de Fabr\u00edcio Nogueira, o videoclipe no YouTube de Zero Apego\u201d j\u00e1 acumula 7,5 milh\u00f5es de visualiza\u00e7\u00f5es e \u00e9 a #10 das m\u00fasicas em alta da plataforma.<\/p>\n\n\n\n<p>Siga @eogregp_oficial e @paulopirescantor nas redes sociais e n\u00e3o perca nenhuma novidade&nbsp;dos&nbsp;artistas.<\/p>\n","protected":false},"excerpt":{"rendered":"<p>Can\u00e7\u00e3o \u00e9 a posi\u00e7\u00e3o 45\u00b0 do TOP 200 Brasil \u00c9 hit! Nesta quarta-feira, \u201cZero Apego\u201d a nova aposta de Paulo Pires e Grego explodiu e entrou para o TOP 50 Viral Brasil, do Spotify. Al\u00e9m disso, a m\u00fasica tamb\u00e9m se encontra no TOP 200 Brasil, na posi\u00e7\u00e3o 45\u00b0. Com composi\u00e7\u00e3o de Grego, a faixa traz [&hellip;]<\/p>\n","protected":false},"author":1,"featured_media":1466,"comment_status":"open","ping_status":"open","sticky":false,"template":"","format":"standard","meta":{"footnotes":""},"categories":[27],"tags":[380,379],"class_list":["post-1463","post","type-post","status-publish","format-standard","has-post-thumbnail","hentry","category-musica","tag-grego","tag-paulo-pires"],"_links":{"self":[{"href":"https:\/\/diarioparanaense.com\/index.php?rest_route=\/wp\/v2\/posts\/1463","targetHints":{"allow":["GET"]}}],"collection":[{"href":"https:\/\/diarioparanaense.com\/index.php?rest_route=\/wp\/v2\/posts"}],"about":[{"href":"https:\/\/diarioparanaense.com\/index.php?rest_route=\/wp\/v2\/types\/post"}],"author":[{"embeddable":true,"href":"https:\/\/diarioparanaense.com\/index.php?rest_route=\/wp\/v2\/users\/1"}],"replies":[{"embeddable":true,"href":"https:\/\/diarioparanaense.com\/index.php?rest_route=%2Fwp%2Fv2%2Fcomments&post=1463"}],"version-history":[{"count":1,"href":"https:\/\/diarioparanaense.com\/index.php?rest_route=\/wp\/v2\/posts\/1463\/revisions"}],"predecessor-version":[{"id":1467,"href":"https:\/\/diarioparanaense.com\/index.php?rest_route=\/wp\/v2\/posts\/1463\/revisions\/1467"}],"wp:featuredmedia":[{"embeddable":true,"href":"https:\/\/diarioparanaense.com\/index.php?rest_route=\/wp\/v2\/media\/1466"}],"wp:attachment":[{"href":"https:\/\/diarioparanaense.com\/index.php?rest_route=%2Fwp%2Fv2%2Fmedia&parent=1463"}],"wp:term":[{"taxonomy":"category","embeddable":true,"href":"https:\/\/diarioparanaense.com\/index.php?rest_route=%2Fwp%2Fv2%2Fcategories&post=1463"},{"taxonomy":"post_tag","embeddable":true,"href":"https:\/\/diarioparanaense.com\/index.php?rest_route=%2Fwp%2Fv2%2Ftags&post=1463"}],"curies":[{"name":"wp","href":"https:\/\/api.w.org\/{rel}","templated":true}]}}