{"id":1460,"date":"2023-10-27T10:18:25","date_gmt":"2023-10-27T13:18:25","guid":{"rendered":"https:\/\/diarioparanaense.com\/?p=1460"},"modified":"2023-10-27T10:18:26","modified_gmt":"2023-10-27T13:18:26","slug":"curitibano-raphael-rached-e-prata-no-revezamento-4x100m-medley-nos-jogos-pan-americanos","status":"publish","type":"post","link":"https:\/\/diarioparanaense.com\/?p=1460","title":{"rendered":"Curitibano Raphael Rached \u00e9 prata no revezamento 4X100m medley nos Jogos Pan-Americanos"},"content":{"rendered":"\n<p class=\"has-medium-font-size\">O nadador, formado pelo Clube Curitibano, ainda chegou em duas finais individuais na principal competi\u00e7\u00e3o entre na\u00e7\u00f5es das Am\u00e9ricas<\/p>\n\n\n\n<p>O nadador curitibano formado pelo Clube Curitibano, Raphael Rached, est\u00e1 participando do seu primeiro campeonato internacional e j\u00e1 garantiu uma medalha de prata no revezamento medley 4X100m dos Jogos Pan-Americanos. Rached tamb\u00e9m participou de duas finais individuais, dos 200m e 100m peito alcan\u00e7ando a posi\u00e7\u00e3o de s\u00e9timo lugar.<\/p>\n\n\n\n<p>No revezamento 4x100m medley, quatro nadadores participam da prova, com cada atleta percorrendo 100m em um estilo de nado diferente: costas, peito, borboleta e livre. Raphael nadou nas eliminat\u00f3rias na categoria peito e ajudou o Brasil a garantir a vaga na final e a posterior medalha de prata.<\/p>\n\n\n\n<p>\u201cO Clube Curitibano sente muito orgulho de ver tantas conquistas dos nossos atletas. Buscamos constantemente incentivar a pr\u00e1tica do esporte desde a inf\u00e2ncia, para cada vez mais termos exemplos como o do Raphael\u201d, conta o Diretor de Esportes Aqu\u00e1ticos, Enio de Arag\u00f3n.<\/p>\n\n\n\n<p>Os Jogos Pan-Americanos de Santiago 2023 est\u00e3o sendo realizados de 20 de outubro a 5 de novembro na capital chilena. Por duas semanas, 41 pa\u00edses est\u00e3o em busca de medalhas e de se aproximarem da classifica\u00e7\u00e3o para os Jogos Ol\u00edmpicos de Paris 2024.<\/p>\n\n\n\n<p>Trajet\u00f3ria do Raphael at\u00e9 os Jogos Pan-Americanos<\/p>\n\n\n\n<p>O que come\u00e7ou com um sonho de crian\u00e7a, hoje se torna realidade. Praticante ass\u00edduo dos esportes oferecidos pelo Clube Curitibano, Raphael escolheu seguir carreira esportiva na nata\u00e7\u00e3o.<\/p>\n\n\n\n<p>Foi pela leveza que as \u00e1guas lhe traziam e pela facilidade em nadar por elas, que aos 13 anos foi campe\u00e3o brasileiro pela primeira vez, e desde ent\u00e3o vem acumulando t\u00edtulos entre os campeonatos estaduais, regionais e sul-brasileiro. \u201cNessa idade eu comecei a tra\u00e7ar objetivos na minha vida, e a nata\u00e7\u00e3o foi a escolha mais assertiva que fiz\u201d, conta o nadador.<\/p>\n\n\n\n<p>Atualmente, Raphael mora nos Estados Unidos e nada pela Universidade da Fl\u00f3rida. Sempre que volta para o Brasil representa com muito orgulho o Clube Curitibano, local que lhe deu todo o suporte para atingir os seus melhores&nbsp;tempos.<\/p>\n","protected":false},"excerpt":{"rendered":"<p>O nadador, formado pelo Clube Curitibano, ainda chegou em duas finais individuais na principal competi\u00e7\u00e3o entre na\u00e7\u00f5es das Am\u00e9ricas O nadador curitibano formado pelo Clube Curitibano, Raphael Rached, est\u00e1 participando do seu primeiro campeonato internacional e j\u00e1 garantiu uma medalha de prata no revezamento medley 4X100m dos Jogos Pan-Americanos. Rached tamb\u00e9m participou de duas finais [&hellip;]<\/p>\n","protected":false},"author":1,"featured_media":1461,"comment_status":"open","ping_status":"open","sticky":false,"template":"","format":"standard","meta":{"footnotes":""},"categories":[159],"tags":[378],"class_list":["post-1460","post","type-post","status-publish","format-standard","has-post-thumbnail","hentry","category-esportes","tag-raphael-rached"],"_links":{"self":[{"href":"https:\/\/diarioparanaense.com\/index.php?rest_route=\/wp\/v2\/posts\/1460","targetHints":{"allow":["GET"]}}],"collection":[{"href":"https:\/\/diarioparanaense.com\/index.php?rest_route=\/wp\/v2\/posts"}],"about":[{"href":"https:\/\/diarioparanaense.com\/index.php?rest_route=\/wp\/v2\/types\/post"}],"author":[{"embeddable":true,"href":"https:\/\/diarioparanaense.com\/index.php?rest_route=\/wp\/v2\/users\/1"}],"replies":[{"embeddable":true,"href":"https:\/\/diarioparanaense.com\/index.php?rest_route=%2Fwp%2Fv2%2Fcomments&post=1460"}],"version-history":[{"count":1,"href":"https:\/\/diarioparanaense.com\/index.php?rest_route=\/wp\/v2\/posts\/1460\/revisions"}],"predecessor-version":[{"id":1462,"href":"https:\/\/diarioparanaense.com\/index.php?rest_route=\/wp\/v2\/posts\/1460\/revisions\/1462"}],"wp:featuredmedia":[{"embeddable":true,"href":"https:\/\/diarioparanaense.com\/index.php?rest_route=\/wp\/v2\/media\/1461"}],"wp:attachment":[{"href":"https:\/\/diarioparanaense.com\/index.php?rest_route=%2Fwp%2Fv2%2Fmedia&parent=1460"}],"wp:term":[{"taxonomy":"category","embeddable":true,"href":"https:\/\/diarioparanaense.com\/index.php?rest_route=%2Fwp%2Fv2%2Fcategories&post=1460"},{"taxonomy":"post_tag","embeddable":true,"href":"https:\/\/diarioparanaense.com\/index.php?rest_route=%2Fwp%2Fv2%2Ftags&post=1460"}],"curies":[{"name":"wp","href":"https:\/\/api.w.org\/{rel}","templated":true}]}}