{"id":1451,"date":"2023-10-26T09:49:14","date_gmt":"2023-10-26T12:49:14","guid":{"rendered":"https:\/\/diarioparanaense.com\/?p=1451"},"modified":"2023-10-26T09:49:15","modified_gmt":"2023-10-26T12:49:15","slug":"19a-edicao-da-intersedes-chega-ao-clube-curitibano","status":"publish","type":"post","link":"https:\/\/diarioparanaense.com\/?p=1451","title":{"rendered":"19\u00aa edi\u00e7\u00e3o da Intersedes chega ao Clube Curitibano"},"content":{"rendered":"\n<p class=\"has-medium-font-size\">Evento promete reunir atletas de todas as idades para diversas modalidades esportivas<\/p>\n\n\n\n<p>No dia 29 de outubro, a Sede Bar\u00e3o do Clube Curitibano ser\u00e1 ponto de largada para tr\u00eas modalidades: caminhada, corrida e prova de bicicleta. A 19\u00aa edi\u00e7\u00e3o da Intersedes promete reunir atletas de todas as idades e n\u00edveis de classifica\u00e7\u00e3o.<\/p>\n\n\n\n<p>\u201cOs participantes ir\u00e3o se aventurar por percursos variados e desafiadores, que abrangem diferentes sedes do Clube\u201d, conta o Gerente de Esportes, Ronald Guimar\u00e3es.<\/p>\n\n\n\n<p>As provas de corrida ser\u00e3o disputadas nas modalidades de 6km (trajeto tamb\u00e9m dispon\u00edvel para a caminhada), 10km, 16km e 30km. O percurso de 6km parte da Sede Bar\u00e3o, passa pela Sede Lucius e culmina em um retorno \u00e0 Sede Bar\u00e3o.<\/p>\n\n\n\n<p>J\u00e1 a rota dos 10km e 16km tem in\u00edcio no km 20 e no km 14 da chegada no campo de golfe, respectivamente, conferindo a esses competidores um gostinho do triunfo ao atravessar a linha de chegada.<\/p>\n\n\n\n<p>Por fim, a corrida de 30km e a prova de ciclismo de 30km ter\u00e3o o percurso iniciado na Sede Bar\u00e3o at\u00e9 a linha de chegada na Sede Rom\u00e3o. A largada oficial acontece \u00e0s 8 horas, em frente da Portaria da Rua Petit Carneiro.<\/p>\n\n\n\n<p>Ainda haver\u00e1 a op\u00e7\u00e3o de desafios mais curtos, realizados ap\u00f3s a largada oficial. Para esses competidores ser\u00e1 poss\u00edvel receber transporte do Clube Curitibano para os pr\u00f3ximos pontos de sa\u00edda.<\/p>\n\n\n\n<p>Tamb\u00e9m haver\u00e1 competi\u00e7\u00f5es para os pequenos que poder\u00e3o participar de corridas de obst\u00e1culos, especialmente preparadas para o p\u00fablico infantil. O trajeto ter\u00e1 200m de extens\u00e3o e ser\u00e1 realizado na Sede Rom\u00e3o.<\/p>\n\n\n\n<p>Todos os competidores dever\u00e3o chegar com ao menos 20 minutos de anteced\u00eancia, ou seja, at\u00e9 \u00e0s 7h40 para que seja feito aquecimento e alongamentos antes da prova.<\/p>\n\n\n\n<p><strong>Servi\u00e7o<\/strong><br>19\u00aa Intersedes<br><strong>Data<\/strong>: 29\/10<br><strong>Hor\u00e1rio largada<\/strong>: 8h<br><strong>Largada<\/strong>: Sede Bar\u00e3o do Serro Azul<br><strong>Mais informa\u00e7\u00f5es<\/strong>: Secretaria de Esportes &#8211; (41) 3014-1949 ou (41) 99528-7722 | Secretaria da Sede Lucius &#8211; (41) 3332-2028 ou (41) 9912-6009 | Secretaria da Sede Merc\u00eas &#8211; (41) 3073-2349 ou\u00a0(41)\u00a099528-6895<\/p>\n","protected":false},"excerpt":{"rendered":"<p>Evento promete reunir atletas de todas as idades para diversas modalidades esportivas No dia 29 de outubro, a Sede Bar\u00e3o do Clube Curitibano ser\u00e1 ponto de largada para tr\u00eas modalidades: caminhada, corrida e prova de bicicleta. A 19\u00aa edi\u00e7\u00e3o da Intersedes promete reunir atletas de todas as idades e n\u00edveis de classifica\u00e7\u00e3o. \u201cOs participantes ir\u00e3o [&hellip;]<\/p>\n","protected":false},"author":1,"featured_media":1455,"comment_status":"open","ping_status":"open","sticky":false,"template":"","format":"standard","meta":{"footnotes":""},"categories":[159],"tags":[232],"class_list":["post-1451","post","type-post","status-publish","format-standard","has-post-thumbnail","hentry","category-esportes","tag-clube-curitibano"],"_links":{"self":[{"href":"https:\/\/diarioparanaense.com\/index.php?rest_route=\/wp\/v2\/posts\/1451","targetHints":{"allow":["GET"]}}],"collection":[{"href":"https:\/\/diarioparanaense.com\/index.php?rest_route=\/wp\/v2\/posts"}],"about":[{"href":"https:\/\/diarioparanaense.com\/index.php?rest_route=\/wp\/v2\/types\/post"}],"author":[{"embeddable":true,"href":"https:\/\/diarioparanaense.com\/index.php?rest_route=\/wp\/v2\/users\/1"}],"replies":[{"embeddable":true,"href":"https:\/\/diarioparanaense.com\/index.php?rest_route=%2Fwp%2Fv2%2Fcomments&post=1451"}],"version-history":[{"count":1,"href":"https:\/\/diarioparanaense.com\/index.php?rest_route=\/wp\/v2\/posts\/1451\/revisions"}],"predecessor-version":[{"id":1456,"href":"https:\/\/diarioparanaense.com\/index.php?rest_route=\/wp\/v2\/posts\/1451\/revisions\/1456"}],"wp:featuredmedia":[{"embeddable":true,"href":"https:\/\/diarioparanaense.com\/index.php?rest_route=\/wp\/v2\/media\/1455"}],"wp:attachment":[{"href":"https:\/\/diarioparanaense.com\/index.php?rest_route=%2Fwp%2Fv2%2Fmedia&parent=1451"}],"wp:term":[{"taxonomy":"category","embeddable":true,"href":"https:\/\/diarioparanaense.com\/index.php?rest_route=%2Fwp%2Fv2%2Fcategories&post=1451"},{"taxonomy":"post_tag","embeddable":true,"href":"https:\/\/diarioparanaense.com\/index.php?rest_route=%2Fwp%2Fv2%2Ftags&post=1451"}],"curies":[{"name":"wp","href":"https:\/\/api.w.org\/{rel}","templated":true}]}}