{"id":1450,"date":"2023-10-26T09:47:07","date_gmt":"2023-10-26T12:47:07","guid":{"rendered":"https:\/\/diarioparanaense.com\/?p=1450"},"modified":"2023-10-26T09:47:23","modified_gmt":"2023-10-26T12:47:23","slug":"clube-curitibano-promove-festival-paradesportivo-para-todos","status":"publish","type":"post","link":"https:\/\/diarioparanaense.com\/?p=1450","title":{"rendered":"Clube Curitibano promove Festival Paradesportivo Para Todos"},"content":{"rendered":"\n<p class=\"has-medium-font-size\">O evento traz uma programa\u00e7\u00e3o com modalidades como badminton, beach tennis, t\u00eanis, squash e esgrima<\/p>\n\n\n\n<p>Com o intuito de realizar a inclus\u00e3o de adultos, crian\u00e7as e 60+, com ou sem defici\u00eancia, o Clube Curitibano vai sediar, nos dias 28 e 29 de outubro, o Festival Paradesportivo Para Todos. O evento contar\u00e1 com a presen\u00e7a de atletas de Parabadminton, como Vitor Gon\u00e7alves Tavares, Duda Oliveira e Rogerio Oliveira, e ainda ter\u00e1 uma programa\u00e7\u00e3o esportiva com modalidades como beach tennis, t\u00eanis, squash e esgrima.<\/p>\n\n\n\n<p>\u201cMuito se fala sobre a quest\u00e3o da inclus\u00e3o na m\u00eddia, mas poucos lugares vivem de fato essa inclus\u00e3o. O Clube Curitibano busca constantemente refletir e estar \u00e0 frente de algo t\u00e3o importante que \u00e9 o esporte e o paradesporto, e mais do que isso \u00e9 fazer com que todos se sintam pertencentes daqui\u201d, relata Diva Benassi, gerente de Inclus\u00e3o do Clube Curitibano.<\/p>\n\n\n\n<p>Promovido pelo Departamento de Inclus\u00e3o, e com o apoio do Departamento de Esportes, do Clube Curitibano, o Festival contar\u00e1 com uma programa\u00e7\u00e3o segmentada para os dois dias.<\/p>\n\n\n\n<p>No dia 28, na Sede Bar\u00e3o, pela manh\u00e3 ser\u00e1 realizada uma cl\u00ednica de badminton e parabadminton e, durante a tarde, ter\u00e1 uma competi\u00e7\u00e3o em duplas e contar\u00e1 com a presen\u00e7a dos atletas do Centro de Refer\u00eancia Paral\u00edmpico de Curitiba (SMELJ) e da Escola Estadual Francisco Zardo. No mesmo dia ter\u00e1 disputas na esgrima em cadeira de rodas.<\/p>\n\n\n\n<p>J\u00e1 no dia 29, o festival acontece pela manh\u00e3 na Sede Lucius. Os associados poder\u00e3o escolher participar de disputas entre t\u00eanis, squash e beach tennis.<\/p>\n\n\n\n<p>O Festival conta com parceria com a Secretaria Municipal do Esporte, Lazer e Juventude (SMELJ), a Federa\u00e7\u00e3o Nacional de Parabadminton &#8211; Atletas Zardo Morgenau, a Associa\u00e7\u00e3o dos Deficientes F\u00edsicos do Paran\u00e1 (ADFP), Badminton Federa\u00e7\u00e3o Paranaense e a Universidade Livre do Esporte (ULE).<\/p>\n\n\n\n<p><strong>Servi\u00e7o<\/strong><br>Data\/Local\/Hor\u00e1rio:<br>28 de outubro \/ Sede Bar\u00e3o \/10h \u00e0s 17h30<br>29 de outubro \/ Sede Lucius \/ 9h \u00e0s 12h<br><strong>Mais informa\u00e7\u00f5es: <\/strong>Whatsapp (41) 9 9962-0684 \u2013 Departamento&nbsp;de&nbsp;Inclus\u00e3o.<\/p>\n","protected":false},"excerpt":{"rendered":"<p>O evento traz uma programa\u00e7\u00e3o com modalidades como badminton, beach tennis, t\u00eanis, squash e esgrima Com o intuito de realizar a inclus\u00e3o de adultos, crian\u00e7as e 60+, com ou sem defici\u00eancia, o Clube Curitibano vai sediar, nos dias 28 e 29 de outubro, o Festival Paradesportivo Para Todos. O evento contar\u00e1 com a presen\u00e7a de [&hellip;]<\/p>\n","protected":false},"author":1,"featured_media":1452,"comment_status":"open","ping_status":"open","sticky":false,"template":"","format":"standard","meta":{"footnotes":""},"categories":[159],"tags":[232],"class_list":["post-1450","post","type-post","status-publish","format-standard","has-post-thumbnail","hentry","category-esportes","tag-clube-curitibano"],"_links":{"self":[{"href":"https:\/\/diarioparanaense.com\/index.php?rest_route=\/wp\/v2\/posts\/1450","targetHints":{"allow":["GET"]}}],"collection":[{"href":"https:\/\/diarioparanaense.com\/index.php?rest_route=\/wp\/v2\/posts"}],"about":[{"href":"https:\/\/diarioparanaense.com\/index.php?rest_route=\/wp\/v2\/types\/post"}],"author":[{"embeddable":true,"href":"https:\/\/diarioparanaense.com\/index.php?rest_route=\/wp\/v2\/users\/1"}],"replies":[{"embeddable":true,"href":"https:\/\/diarioparanaense.com\/index.php?rest_route=%2Fwp%2Fv2%2Fcomments&post=1450"}],"version-history":[{"count":2,"href":"https:\/\/diarioparanaense.com\/index.php?rest_route=\/wp\/v2\/posts\/1450\/revisions"}],"predecessor-version":[{"id":1454,"href":"https:\/\/diarioparanaense.com\/index.php?rest_route=\/wp\/v2\/posts\/1450\/revisions\/1454"}],"wp:featuredmedia":[{"embeddable":true,"href":"https:\/\/diarioparanaense.com\/index.php?rest_route=\/wp\/v2\/media\/1452"}],"wp:attachment":[{"href":"https:\/\/diarioparanaense.com\/index.php?rest_route=%2Fwp%2Fv2%2Fmedia&parent=1450"}],"wp:term":[{"taxonomy":"category","embeddable":true,"href":"https:\/\/diarioparanaense.com\/index.php?rest_route=%2Fwp%2Fv2%2Fcategories&post=1450"},{"taxonomy":"post_tag","embeddable":true,"href":"https:\/\/diarioparanaense.com\/index.php?rest_route=%2Fwp%2Fv2%2Ftags&post=1450"}],"curies":[{"name":"wp","href":"https:\/\/api.w.org\/{rel}","templated":true}]}}