{"id":1443,"date":"2023-10-25T16:28:19","date_gmt":"2023-10-25T19:28:19","guid":{"rendered":"https:\/\/diarioparanaense.com\/?p=1443"},"modified":"2023-10-25T16:28:19","modified_gmt":"2023-10-25T19:28:19","slug":"vice-governador-enaltece-profissionais-de-administracao-em-palestra-no-cra-pr","status":"publish","type":"post","link":"https:\/\/diarioparanaense.com\/?p=1443","title":{"rendered":"Vice-Governador enaltece profissionais de administra\u00e7\u00e3o em palestra no CRA-PR"},"content":{"rendered":"\n<p class=\"has-medium-font-size\">Lideran\u00e7a Empresarial e Experi\u00eancias de Vida foram os temas da palestra realizada na Casa do Administrador, por Darci Piana.<\/p>\n\n\n\n<p>Dia 24 de outubro, no CRA-PR, um evento reuniu empres\u00e1rios, l\u00edderes e entusiastas de neg\u00f3cios para uma manh\u00e3 de discuss\u00f5es sobre lideran\u00e7a empresarial. O Vice-Governador do Paran\u00e1 e renomado empres\u00e1rio, Darci Piana, compartilhou suas percep\u00e7\u00f5es e experi\u00eancias no &#8220;Caf\u00e9 com Business&#8221;.<\/p>\n\n\n\n<p>O tema central da palestra de Piana, &#8220;Lideran\u00e7a Empresarial,&#8221; refletiu sobre a necessidade de reinven\u00e7\u00e3o e adapta\u00e7\u00e3o em um mundo que est\u00e1 em incessante evolu\u00e7\u00e3o. Ele enfatizou a import\u00e2ncia de valorizar as habilidades humanas n\u00e3o automatiz\u00e1veis, como emo\u00e7\u00f5es, imagina\u00e7\u00e3o e criatividade. A palestra destacou a relev\u00e2ncia da intelig\u00eancia social, trabalho em equipe e comunica\u00e7\u00e3o, definindo o que \u00e9 permanente e o que \u00e9 impermanente em um ambiente em constante mudan\u00e7a.<\/p>\n\n\n\n<p>Ao compartilhar sua hist\u00f3ria pessoal, Darci Piana enfatizou o poder dos sonhos, inspirando-se em sua paix\u00e3o por viajar e conhecer pessoas. Ele sublinhou a import\u00e2ncia da humildade e da participa\u00e7\u00e3o ativa, bem como o conceito de que a lideran\u00e7a \u00e9 &#8220;parda&#8221;. Piana compartilhou hist\u00f3rias de sua juventude, incluindo a \u00e9poca em que trabalhou na rodovi\u00e1ria para pagar sua educa\u00e7\u00e3o, sua experi\u00eancia como o primeiro revendedor de motores e seu envolvimento na funda\u00e7\u00e3o do Paran\u00e1 Clube.<\/p>\n\n\n\n<p>Um dos destaques de seu discurso foi a cria\u00e7\u00e3o de uma cooperativa de cr\u00e9dito para apoiar os varejistas, permitindo-lhes comprar de suas pr\u00f3prias empresas. Ele tamb\u00e9m ressaltou a import\u00e2ncia de planejamento s\u00f3lido para o setor de autope\u00e7as e a necessidade de integridade e corre\u00e7\u00e3o para ser um l\u00edder eficaz.<\/p>\n\n\n\n<p>Darci Piana compartilhou sua transi\u00e7\u00e3o para a pol\u00edtica, enfatizando que liderar \u00e9 uma forma de ajudar os outros. Ele falou sobre a import\u00e2ncia de aproximar os empres\u00e1rios do governo, buscando investimentos em diversos setores. Al\u00e9m disso, enfatizou que ningu\u00e9m faz nada sozinho e que o respeito e a comunica\u00e7\u00e3o s\u00e3o fundamentais para o sucesso dos neg\u00f3cios.<\/p>\n\n\n\n<p>Em sua conclus\u00e3o, o vice-governador destacou que todos os dias trazem oportunidades de aprendizado e que, em \u00faltima an\u00e1lise, os relacionamentos desempenham um papel central em nossas vidas.<\/p>\n\n\n\n<p class=\"has-medium-font-size\">Network com Lideran\u00e7as empresariais<\/p>\n\n\n\n<p>O presidente do CRA-PR, Marcello Padula, ressaltou a import\u00e2ncia da palestra para os administradores. \u201c\u00b4\u00c9 uma oportunidade \u00fanica para ouvir e debater com um dos principais nomes da Administra\u00e7\u00e3o paranaense. Darci Piana \u00e9 um empres\u00e1rio vers\u00e1til e influente n\u00e3o s\u00f3 do Paran\u00e1, mas do Brasil\u201d.<\/p>\n\n\n\n<p>Padula destacou, ainda, que um evento como esse, com tantas autoridades, n\u00e3o acontecia h\u00e1 anos no Conselho. \u201cO evento \u00e9 de extrema import\u00e2ncia, a atual gest\u00e3o est\u00e1 se colocando no sentido de firmar parcerias. Receber o vice-governador, o presidente da Fecom\u00e9rcio, secret\u00e1rios de Estado, diretores do SESC, do SEDAC, \u00e9 um marco, uma nova era do Conselho. E \u00e9 a partir desses encontros que acontecem novas parcerias, diversos alinhamentos para conversas futuras, com os \u00f3rg\u00e3os de governo, com o Procon, com a FAE, entre outros. O CRA est\u00e1 se colocando na sociedade para cumprir seu papel de regula\u00e7\u00e3o da atividade de administra\u00e7\u00e3o de empresas, tanto do ponto de vista das pessoas jur\u00eddicas, das pessoas f\u00edsicas, como organiza\u00e7\u00f5es governamentais ou n\u00e3o governamentais\u201d.<\/p>\n\n\n\n<p>Tamb\u00e9m participaram do evento Alexandre Lu\u00eds G\u00f6tz Weiler &#8211; Diretor Acad\u00eamico na empresa ESIC &#8211; Business &amp; Marketing School Internacional; Celso Kloss &#8211; Presidente TECPAR; Claudia Colpi &#8211; Presidente da C\u00e2mara da Mulher Fecomercio; Cl\u00e1udia Silvano &#8211; Chefe Procon Paran\u00e1; Dra. Elaine Dias Menegola &#8211; Diretora Procon Pato Branco; Eduardo Luiz Gabardo Martins &#8211; Superintendente da Fecomercio; Indiara Barbosa &#8211; vereadora de Curitiba; Laerzio Chiesorin Junior &#8211; Procurador do Minist\u00e9rio P\u00fablico de Contas do Estado do Paran\u00e1; Paulo Cruz &#8211; Diretor Rela\u00e7\u00f5es Corporativas FAE Business; Sidnei Lopes de Oliveira &#8211; Diretor Executivo SENAC e Simone Campos &#8211; Diretor Tecnologia e Inova\u00e7\u00e3o\/TECPAR.<\/p>\n\n\n\n<p>Durante o evento, representantes do Hospital Pequeno Pr\u00edncipe explicaram aos participantes como doar parte do Imposto de Renda \u00e0 Institui\u00e7\u00e3o. Acesse o site e apoie o Pequeno pr\u00edncipe &#8211; <a href=\"https:\/\/pequenoprincipe.org.br\/doadores\/apoie-o-pequeno-principe\/\">https:\/\/pequenoprincipe.org.br\/doadores\/apoie-o-pequeno-principe\/<\/a>.<\/p>\n","protected":false},"excerpt":{"rendered":"<p>Lideran\u00e7a Empresarial e Experi\u00eancias de Vida foram os temas da palestra realizada na Casa do Administrador, por Darci Piana. Dia 24 de outubro, no CRA-PR, um evento reuniu empres\u00e1rios, l\u00edderes e entusiastas de neg\u00f3cios para uma manh\u00e3 de discuss\u00f5es sobre lideran\u00e7a empresarial. O Vice-Governador do Paran\u00e1 e renomado empres\u00e1rio, Darci Piana, compartilhou suas percep\u00e7\u00f5es e [&hellip;]<\/p>\n","protected":false},"author":1,"featured_media":1448,"comment_status":"open","ping_status":"open","sticky":false,"template":"","format":"standard","meta":{"footnotes":""},"categories":[2],"tags":[377],"class_list":["post-1443","post","type-post","status-publish","format-standard","has-post-thumbnail","hentry","category-destaque","tag-darci-piana"],"_links":{"self":[{"href":"https:\/\/diarioparanaense.com\/index.php?rest_route=\/wp\/v2\/posts\/1443","targetHints":{"allow":["GET"]}}],"collection":[{"href":"https:\/\/diarioparanaense.com\/index.php?rest_route=\/wp\/v2\/posts"}],"about":[{"href":"https:\/\/diarioparanaense.com\/index.php?rest_route=\/wp\/v2\/types\/post"}],"author":[{"embeddable":true,"href":"https:\/\/diarioparanaense.com\/index.php?rest_route=\/wp\/v2\/users\/1"}],"replies":[{"embeddable":true,"href":"https:\/\/diarioparanaense.com\/index.php?rest_route=%2Fwp%2Fv2%2Fcomments&post=1443"}],"version-history":[{"count":1,"href":"https:\/\/diarioparanaense.com\/index.php?rest_route=\/wp\/v2\/posts\/1443\/revisions"}],"predecessor-version":[{"id":1449,"href":"https:\/\/diarioparanaense.com\/index.php?rest_route=\/wp\/v2\/posts\/1443\/revisions\/1449"}],"wp:featuredmedia":[{"embeddable":true,"href":"https:\/\/diarioparanaense.com\/index.php?rest_route=\/wp\/v2\/media\/1448"}],"wp:attachment":[{"href":"https:\/\/diarioparanaense.com\/index.php?rest_route=%2Fwp%2Fv2%2Fmedia&parent=1443"}],"wp:term":[{"taxonomy":"category","embeddable":true,"href":"https:\/\/diarioparanaense.com\/index.php?rest_route=%2Fwp%2Fv2%2Fcategories&post=1443"},{"taxonomy":"post_tag","embeddable":true,"href":"https:\/\/diarioparanaense.com\/index.php?rest_route=%2Fwp%2Fv2%2Ftags&post=1443"}],"curies":[{"name":"wp","href":"https:\/\/api.w.org\/{rel}","templated":true}]}}