{"id":1437,"date":"2023-10-24T16:24:37","date_gmt":"2023-10-24T19:24:37","guid":{"rendered":"https:\/\/diarioparanaense.com\/?p=1437"},"modified":"2023-10-24T16:24:37","modified_gmt":"2023-10-24T19:24:37","slug":"campanha-institucional-aborda-compromisso-com-a-qualidade-das-escolas-particulares","status":"publish","type":"post","link":"https:\/\/diarioparanaense.com\/?p=1437","title":{"rendered":"Campanha Institucional aborda compromisso com a qualidade das escolas particulares"},"content":{"rendered":"\n<blockquote class=\"wp-block-quote is-layout-flow wp-block-quote-is-layout-flow\">\n<p>Sinepe\/PR veicula mensagem para a popula\u00e7\u00e3o como forma de mostrar o compromisso com a qualidade do ensino oferecido<\/p>\n<\/blockquote>\n\n\n\n<p>Neste m\u00eas de outubro, o Sindicato das Escolas Particulares (Sinepe\/PR) lan\u00e7a campanha institucional para a valoriza\u00e7\u00e3o do valor e da qualidade das escolas particulares. A a\u00e7\u00e3o tem como tema: \u201cAqui tem mais ensino. Tem mais amor pela educa\u00e7\u00e3o\u201d; e abrange desde a educa\u00e7\u00e3o infantil at\u00e9 o ensino superior, al\u00e9m das escolas de idiomas.<\/p>\n\n\n\n<p>\u201cN\u00f3s estamos divulgando nessa Campanha os diferenciais das escolas particulares, todo o envolvimento que a rede tem na seguran\u00e7a, na qualidade do ensino e no treinamento dos professores\u201d, explica o Presidente do Sinepe\/PR, S\u00e9rgio Herrero Moraes.<\/p>\n\n\n\n<p>O papel do Sinepe\/PR \u00e9 garantir toda capacita\u00e7\u00e3o, orienta\u00e7\u00e3o e apoio t\u00e9cnico as escolas particulares, e o objetivo da Campanha \u00e9 mostrar para as fam\u00edlias e para a sociedade que existe um monitoramento constante da qualidade e do ensino no estado. \u201cO tema e todo o conceito visual da a\u00e7\u00e3o tem como foco apresentar a busca pela efici\u00eancia e o quadro preparado de funcion\u00e1rios que a rede privada tem. Isso \u00e9 verificado por meio de avalia\u00e7\u00f5es, treinamentos, capacita\u00e7\u00f5es e tecnologias\u201d, esclarece o Diretor de Marketing do Sinepe\/PR, Rog\u00e9rio Mainardes.<\/p>\n\n\n\n<p>A a\u00e7\u00e3o iniciou no dia 04 de outubro e ser\u00e1 realizada at\u00e9 o dia 10 de novembro. Toda a Campanha Institucional foi idealizada pelo Diretor de Marketing do Sinepe\/PR e o trabalho visual foi desenvolvido pela ag\u00eancia de propaganda e Marketing, OAK Comunica\u00e7\u00e3o. Al\u00e9m da distribui\u00e7\u00e3o do material em todas as escolas associadas ao Sindicato, tamb\u00e9m est\u00e1 sendo feito SPOTS nas principais r\u00e1dios do Paran\u00e1 e nas \u00e1reas digitais est\u00e1 sendo aplicado publica\u00e7\u00f5es nas redes sociais das regionais.<\/p>\n\n\n\n<p>\u201cO Sinepe\/PR criou essa Campanha para mostrar que al\u00e9m do zelo pelo ensino \u00e9 tamb\u00e9m pelo amor e o cuidado voltado para a educa\u00e7\u00e3o. Mas, principalmente em prol da valoriza\u00e7\u00e3o das escolas particulares, buscando apresentar todo o valor e qualidade do ensino da rede privada do estado do Paran\u00e1\u201d,&nbsp;conta&nbsp;Herrero.<\/p>\n","protected":false},"excerpt":{"rendered":"<p>Sinepe\/PR veicula mensagem para a popula\u00e7\u00e3o como forma de mostrar o compromisso com a qualidade do ensino oferecido Neste m\u00eas de outubro, o Sindicato das Escolas Particulares (Sinepe\/PR) lan\u00e7a campanha institucional para a valoriza\u00e7\u00e3o do valor e da qualidade das escolas particulares. A a\u00e7\u00e3o tem como tema: \u201cAqui tem mais ensino. Tem mais amor pela [&hellip;]<\/p>\n","protected":false},"author":1,"featured_media":1438,"comment_status":"open","ping_status":"open","sticky":false,"template":"","format":"standard","meta":{"footnotes":""},"categories":[148],"tags":[251],"class_list":["post-1437","post","type-post","status-publish","format-standard","has-post-thumbnail","hentry","category-educacao","tag-sinepe-pr"],"_links":{"self":[{"href":"https:\/\/diarioparanaense.com\/index.php?rest_route=\/wp\/v2\/posts\/1437","targetHints":{"allow":["GET"]}}],"collection":[{"href":"https:\/\/diarioparanaense.com\/index.php?rest_route=\/wp\/v2\/posts"}],"about":[{"href":"https:\/\/diarioparanaense.com\/index.php?rest_route=\/wp\/v2\/types\/post"}],"author":[{"embeddable":true,"href":"https:\/\/diarioparanaense.com\/index.php?rest_route=\/wp\/v2\/users\/1"}],"replies":[{"embeddable":true,"href":"https:\/\/diarioparanaense.com\/index.php?rest_route=%2Fwp%2Fv2%2Fcomments&post=1437"}],"version-history":[{"count":1,"href":"https:\/\/diarioparanaense.com\/index.php?rest_route=\/wp\/v2\/posts\/1437\/revisions"}],"predecessor-version":[{"id":1439,"href":"https:\/\/diarioparanaense.com\/index.php?rest_route=\/wp\/v2\/posts\/1437\/revisions\/1439"}],"wp:featuredmedia":[{"embeddable":true,"href":"https:\/\/diarioparanaense.com\/index.php?rest_route=\/wp\/v2\/media\/1438"}],"wp:attachment":[{"href":"https:\/\/diarioparanaense.com\/index.php?rest_route=%2Fwp%2Fv2%2Fmedia&parent=1437"}],"wp:term":[{"taxonomy":"category","embeddable":true,"href":"https:\/\/diarioparanaense.com\/index.php?rest_route=%2Fwp%2Fv2%2Fcategories&post=1437"},{"taxonomy":"post_tag","embeddable":true,"href":"https:\/\/diarioparanaense.com\/index.php?rest_route=%2Fwp%2Fv2%2Ftags&post=1437"}],"curies":[{"name":"wp","href":"https:\/\/api.w.org\/{rel}","templated":true}]}}