{"id":1434,"date":"2023-10-24T13:55:04","date_gmt":"2023-10-24T16:55:04","guid":{"rendered":"https:\/\/diarioparanaense.com\/?p=1434"},"modified":"2023-10-24T13:55:04","modified_gmt":"2023-10-24T16:55:04","slug":"tchau-inverno-como-higienizar-e-guardar-as-pecas-usadas-no-frio","status":"publish","type":"post","link":"https:\/\/diarioparanaense.com\/?p=1434","title":{"rendered":"Tchau inverno: Como higienizar e guardar as pe\u00e7as usadas no frio?"},"content":{"rendered":"\n<p class=\"has-medium-font-size\">Descubra como manter suas pe\u00e7as novas e aumentar a durabilidade seguindo as dicas de uma especialista<\/p>\n\n\n\n<p>Com a chegada da primavera e aumento das temperaturas nos preparamos para guardar os cobertores e edredons mais pesados, assim como as jaquetas, sobretudos e demais itens utilizados no inverno para dar lugar a pe\u00e7as mais leves no guarda-roupas.<\/p>\n\n\n\n<p>Cada item exige um cuidado espec\u00edfico, tanto na lavagem quanto na secagem, mas, ao guardar tamb\u00e9m devemos nos atentar a detalhes importantes para manter a qualidade e durabilidade dos tecidos.<\/p>\n\n\n\n<p>Antes de guardar qualquer tecido \u00e9 importante sempre higienizar as pe\u00e7as, pois o ac\u00famulo de sujeiras e o odor podem prejudicar as roupas e cobertores. As manchas amarelas, muito comuns, s\u00e3o as mais dif\u00edceis remover e, muitas vezes, aquela blusa favorita pode ser perdida. Quanto mais tempo com a sujeira, mais dif\u00edcil ser\u00e1 limpar.<\/p>\n\n\n\n<p>Pe\u00e7as de l\u00e3 ou l\u00e3 batida, como a usada em sobretudos, exigem uma higieniza\u00e7\u00e3o espec\u00edfica. Para que n\u00e3o encham de bolinhas e mantenham o toque, \u00e9 necess\u00e1rio que a limpeza seja feita por meio de lavagem a seco. Esse tipo de lavagem evita ainda que as pe\u00e7as encolham.<\/p>\n\n\n\n<p>Outro tecido muito usado no inverno \u00e9 o couro. Assim como todo tecido, ele precisa de cuidados extras por ser um tecido natural. Existem produtos espec\u00edficos para higiene de jaquetas, bolsas e botas e a utiliza\u00e7\u00e3o de produtos n\u00e3o indicados pode prejudicar o tecido e diminuir a durabilidade da pe\u00e7a. O recomend\u00e1vel \u00e9 que o couro seja higienizado e hidratado pelo menos uma vez por ano.<\/p>\n\n\n\n<p>De acordo com Birgit Marsili, propriet\u00e1ria da Lavoutique Lavanderia &amp; Costura, al\u00e9m da devida higieniza\u00e7\u00e3o, a forma como esses itens s\u00e3o guardados tamb\u00e9m faz muita diferen\u00e7a. \u201cGuardar pe\u00e7as \u00famidas pode causar mofo e manchas permanentes. Indicamos que sempre higienize as pe\u00e7as, deixe secar totalmente e as coloque em TNT para que possam respirar. Apesar de comum, n\u00e3o recomendamos deixar em cabides comuns e em pl\u00e1sticos. O peso pode marcar as roupas e o pl\u00e1stico n\u00e3o permite ventila\u00e7\u00e3o dentro das embalagens. Se usar cabides, procure os que possuem ombreira\u201d, afirma.<\/p>\n\n\n\n<p>A luminosidade excessiva tamb\u00e9m pode provocar manchas. Em alguns casos, como em closets abertos, a pe\u00e7a fica mais exposta de um lado \u00e0 luminosidade, desbotando a cor. Por isso a recomenda\u00e7\u00e3o de TNT escuro.<\/p>\n\n\n\n<p class=\"has-medium-font-size\">Cobertores e edredons<\/p>\n\n\n\n<p>Assim como as roupas, cobertores, edredons e mantas tamb\u00e9m necessitam de limpeza. Apesar de serem itens que n\u00e3o exigem higieniza\u00e7\u00e3o frequente, nosso corpo elimina c\u00e9lulas mortas e gorduras, al\u00e9m de acumular a poeira do dia-a-dia.<br>Birgit afirma que n\u00e3o existe uma frequ\u00eancia certa para higienizar essas pe\u00e7as, por\u00e9m o ideal \u00e9 que elas sejam limpas a cada dois meses, pelo menos. \u201cUma alternativa \u00e9 o uso de capas protetoras para os cobertores. O uso de capas permite que o cobertor n\u00e3o receba sujeira diretamente no tecido e aumenta tamb\u00e9m a durabilidade do item, mas elas devem ser lavadas semanalmente\u201d, comenta.<\/p>\n\n\n\n<p>\u00c9 importante estar atento aos produtos e tipos de tratamentos indicados para cada tecido. Sendo poss\u00edvel, procure um especialista para que o tratamento das pe\u00e7as seja realizado de forma correta, mantendo a qualidade e durabilidade dos itens.<\/p>\n\n\n\n<p><strong>Servi\u00e7o<\/strong>:<\/p>\n\n\n\n<p><strong>Lavoutique Lavanderia &amp; Costura<br>Endere\u00e7o<\/strong>: Rua Prof. Pedro V. Parigot de Souza, 3901 &#8211; Ecoville<br><strong>Hor\u00e1rio de atendimento<\/strong>: Seg. a Sex. das 8h \u00e0s 18h | S\u00e1b. das 9h \u00e0s 13h<br><strong>Telefone<\/strong>: (41) 3285-8500<\/p>\n\n\n\n<p><strong>Endere\u00e7o<\/strong>: Alameda Dr. Carlos de Carvalho, 2050 \u2013 Batel<br><strong>Hor\u00e1rio de atendimento<\/strong>: Seg. a Sab. das 9h \u00e0s 20h<br><strong>Telefone<\/strong>: (41) 3026-0600<br><strong>Site<\/strong>: <a href=\"http:\/\/www.lavoutique.com\" data-type=\"link\" data-id=\"www.lavoutique.com\">www.lavoutique.com<\/a><\/p>\n","protected":false},"excerpt":{"rendered":"<p>Descubra como manter suas pe\u00e7as novas e aumentar a durabilidade seguindo as dicas de uma especialista Com a chegada da primavera e aumento das temperaturas nos preparamos para guardar os cobertores e edredons mais pesados, assim como as jaquetas, sobretudos e demais itens utilizados no inverno para dar lugar a pe\u00e7as mais leves no guarda-roupas. [&hellip;]<\/p>\n","protected":false},"author":1,"featured_media":1435,"comment_status":"open","ping_status":"open","sticky":false,"template":"","format":"standard","meta":{"footnotes":""},"categories":[324],"tags":[283],"class_list":["post-1434","post","type-post","status-publish","format-standard","has-post-thumbnail","hentry","category-negocios","tag-lavoutique-lavanderia-costura"],"_links":{"self":[{"href":"https:\/\/diarioparanaense.com\/index.php?rest_route=\/wp\/v2\/posts\/1434","targetHints":{"allow":["GET"]}}],"collection":[{"href":"https:\/\/diarioparanaense.com\/index.php?rest_route=\/wp\/v2\/posts"}],"about":[{"href":"https:\/\/diarioparanaense.com\/index.php?rest_route=\/wp\/v2\/types\/post"}],"author":[{"embeddable":true,"href":"https:\/\/diarioparanaense.com\/index.php?rest_route=\/wp\/v2\/users\/1"}],"replies":[{"embeddable":true,"href":"https:\/\/diarioparanaense.com\/index.php?rest_route=%2Fwp%2Fv2%2Fcomments&post=1434"}],"version-history":[{"count":1,"href":"https:\/\/diarioparanaense.com\/index.php?rest_route=\/wp\/v2\/posts\/1434\/revisions"}],"predecessor-version":[{"id":1436,"href":"https:\/\/diarioparanaense.com\/index.php?rest_route=\/wp\/v2\/posts\/1434\/revisions\/1436"}],"wp:featuredmedia":[{"embeddable":true,"href":"https:\/\/diarioparanaense.com\/index.php?rest_route=\/wp\/v2\/media\/1435"}],"wp:attachment":[{"href":"https:\/\/diarioparanaense.com\/index.php?rest_route=%2Fwp%2Fv2%2Fmedia&parent=1434"}],"wp:term":[{"taxonomy":"category","embeddable":true,"href":"https:\/\/diarioparanaense.com\/index.php?rest_route=%2Fwp%2Fv2%2Fcategories&post=1434"},{"taxonomy":"post_tag","embeddable":true,"href":"https:\/\/diarioparanaense.com\/index.php?rest_route=%2Fwp%2Fv2%2Ftags&post=1434"}],"curies":[{"name":"wp","href":"https:\/\/api.w.org\/{rel}","templated":true}]}}