{"id":1431,"date":"2023-10-24T10:07:29","date_gmt":"2023-10-24T13:07:29","guid":{"rendered":"https:\/\/diarioparanaense.com\/?p=1431"},"modified":"2023-10-24T10:07:29","modified_gmt":"2023-10-24T13:07:29","slug":"grupo-apolar-mira-crescimento-de-40-ate-2024","status":"publish","type":"post","link":"https:\/\/diarioparanaense.com\/?p=1431","title":{"rendered":"Grupo Apolar mira crescimento de 40% at\u00e9 2024"},"content":{"rendered":"\n<p class=\"has-medium-font-size\">Com mais de 70 lojas em funcionamento, a rede pretende chegar \u00e0 100\u00aa unidade no pr\u00f3ximo ano, nos estados do Paran\u00e1 e Santa Catarina<\/p>\n\n\n\n<p>Com o prop\u00f3sito de trazer solu\u00e7\u00f5es para o mercado imobili\u00e1rio no Paran\u00e1 e em Santa Catarina, a Apolar Im\u00f3veis inaugurou, nos \u00faltimos 24 meses, 11 lojas de loca\u00e7\u00e3o nos estados em que atua e, at\u00e9 o final de 2024, a marca deve chegar a 100 unidades de venda e loca\u00e7\u00e3o. A previs\u00e3o de crescimento, da ordem de 40%, faz parte do projeto de expans\u00e3o da rede de franquias, que \u00e9 uma das l\u00edderes no setor imobili\u00e1rio e conta com mais de 50 anos de experi\u00eancia no mercado.<\/p>\n\n\n\n<p>\u201cInvestir em uma marca consolidada no mercado \u00e9 uma oportunidade para o franqueado. Oferecemos treinamentos, atrav\u00e9s do Apolar Academy, e sistema pr\u00f3prio de gest\u00e3o (ERP). Ent\u00e3o, com um investimento que inicia em R$ 60 mil, o franqueado tem seu pr\u00f3prio neg\u00f3cio, uma op\u00e7\u00e3o segura e rent\u00e1vel\u201d, ressalta o CEO do Grupo Apolar, Gutemberg Raicherth.<\/p>\n\n\n\n<p>Com taxa de payback que varia entre 12 e 18 meses, a Apolar foi chancelada nove vezes com o Selo de Excel\u00eancia em Franchising ABF (Associa\u00e7\u00e3o Brasileira de Franchising), em reconhecimento \u00e0s inova\u00e7\u00f5es que promove no segmento. Em 2023, o pr\u00eamio foi concedido na categoria Master.<\/p>\n\n\n\n<p>Para expandir ainda mais, a Apolar investe em sistemas robustos de opera\u00e7\u00e3o automatizada, que auxiliam os franqueados na gest\u00e3o de suas lojas, promovendo a otimiza\u00e7\u00e3o dos processos de administra\u00e7\u00e3o em nuvem com controle centralizado, o que confere uma autonomia maior \u00e0s franquias e uma vasta oferta de cesta de produtos na presta\u00e7\u00e3o de servi\u00e7os&nbsp;imobili\u00e1rios.<\/p>\n","protected":false},"excerpt":{"rendered":"<p>Com mais de 70 lojas em funcionamento, a rede pretende chegar \u00e0 100\u00aa unidade no pr\u00f3ximo ano, nos estados do Paran\u00e1 e Santa Catarina Com o prop\u00f3sito de trazer solu\u00e7\u00f5es para o mercado imobili\u00e1rio no Paran\u00e1 e em Santa Catarina, a Apolar Im\u00f3veis inaugurou, nos \u00faltimos 24 meses, 11 lojas de loca\u00e7\u00e3o nos estados em [&hellip;]<\/p>\n","protected":false},"author":1,"featured_media":1432,"comment_status":"open","ping_status":"open","sticky":false,"template":"","format":"standard","meta":{"footnotes":""},"categories":[324],"tags":[374],"class_list":["post-1431","post","type-post","status-publish","format-standard","has-post-thumbnail","hentry","category-negocios","tag-apolar"],"_links":{"self":[{"href":"https:\/\/diarioparanaense.com\/index.php?rest_route=\/wp\/v2\/posts\/1431","targetHints":{"allow":["GET"]}}],"collection":[{"href":"https:\/\/diarioparanaense.com\/index.php?rest_route=\/wp\/v2\/posts"}],"about":[{"href":"https:\/\/diarioparanaense.com\/index.php?rest_route=\/wp\/v2\/types\/post"}],"author":[{"embeddable":true,"href":"https:\/\/diarioparanaense.com\/index.php?rest_route=\/wp\/v2\/users\/1"}],"replies":[{"embeddable":true,"href":"https:\/\/diarioparanaense.com\/index.php?rest_route=%2Fwp%2Fv2%2Fcomments&post=1431"}],"version-history":[{"count":1,"href":"https:\/\/diarioparanaense.com\/index.php?rest_route=\/wp\/v2\/posts\/1431\/revisions"}],"predecessor-version":[{"id":1433,"href":"https:\/\/diarioparanaense.com\/index.php?rest_route=\/wp\/v2\/posts\/1431\/revisions\/1433"}],"wp:featuredmedia":[{"embeddable":true,"href":"https:\/\/diarioparanaense.com\/index.php?rest_route=\/wp\/v2\/media\/1432"}],"wp:attachment":[{"href":"https:\/\/diarioparanaense.com\/index.php?rest_route=%2Fwp%2Fv2%2Fmedia&parent=1431"}],"wp:term":[{"taxonomy":"category","embeddable":true,"href":"https:\/\/diarioparanaense.com\/index.php?rest_route=%2Fwp%2Fv2%2Fcategories&post=1431"},{"taxonomy":"post_tag","embeddable":true,"href":"https:\/\/diarioparanaense.com\/index.php?rest_route=%2Fwp%2Fv2%2Ftags&post=1431"}],"curies":[{"name":"wp","href":"https:\/\/api.w.org\/{rel}","templated":true}]}}