{"id":1425,"date":"2023-10-23T17:34:25","date_gmt":"2023-10-23T20:34:25","guid":{"rendered":"https:\/\/diarioparanaense.com\/?p=1425"},"modified":"2023-10-23T17:34:25","modified_gmt":"2023-10-23T20:34:25","slug":"omint-e-homenageada-na-21a-edicao-do-trofeu-jrs","status":"publish","type":"post","link":"https:\/\/diarioparanaense.com\/?p=1425","title":{"rendered":"Omint \u00e9 homenageada na 21\u00aa edi\u00e7\u00e3o do Trof\u00e9u JRS"},"content":{"rendered":"\n<p class=\"has-medium-font-size\">Reconhecimento \u00e0 dedica\u00e7\u00e3o e excel\u00eancia coloca a Omint Seguros como refer\u00eancia no setor<\/p>\n\n\n\n<p>Consultora Omint, Gersica Sandri de Lucena, representa a companhia no Trof\u00e9u JRS<\/p>\n\n\n\n<p>S\u00e3o Paulo, outubro de 2023 \u2013 Entre as principais empresas do setor no Brasil, a Omint Seguros foi reconhecida na \u00faltima sexta-feira, dia 20, em Porto Alegre (RS), pela Comiss\u00e3o Organizadora do Trof\u00e9u JRS como Seguradora Destaque no Vida Individual. O Trof\u00e9u JRS \u00e9 uma das mais respeitadas premia\u00e7\u00f5es do segmento e tem como objetivo homenagear o trabalho e o comprometimento do setor de seguros em proteger pessoas, fam\u00edlias e bens.<\/p>\n\n\n\n<p>\u201cEstamos profundamente honrados por este reconhecimento. A JRS \u00e9 um ve\u00edculo de renome e grande parceiro. Por isso, estar aqui, sendo homenageado pelas nossas entregas de excel\u00eancia e dedica\u00e7\u00e3o, nos coloca em outro patamar. O que nos estimula a oferecer solu\u00e7\u00f5es ainda mais aderentes \u00e0s necessidades dos nossos clientes e parceiros\u201d, comenta Jos\u00e9 Luiz Florippes, diretor de vendas da Omint Seguros.<\/p>\n\n\n\n<p>Seguro de Vida Individual Omint<\/p>\n\n\n\n<p>A Omint Seguros possui tr\u00eas op\u00e7\u00f5es de seguro de vida individual em seu portf\u00f3lio: Omint Ideal, Omint Foco e Omint Vital, solu\u00e7\u00f5es elaboradas para cada momento da vida. \u201cNos consolidamos no setor oferecendo o que h\u00e1 de melhor no mercado para consumidores cada vez mais exigentes e conscientes sobre a import\u00e2ncia de proteger a si mesmos e as suas fam\u00edlias\u201d, finaliza&nbsp;Florippes.<\/p>\n","protected":false},"excerpt":{"rendered":"<p>Reconhecimento \u00e0 dedica\u00e7\u00e3o e excel\u00eancia coloca a Omint Seguros como refer\u00eancia no setor Consultora Omint, Gersica Sandri de Lucena, representa a companhia no Trof\u00e9u JRS S\u00e3o Paulo, outubro de 2023 \u2013 Entre as principais empresas do setor no Brasil, a Omint Seguros foi reconhecida na \u00faltima sexta-feira, dia 20, em Porto Alegre (RS), pela Comiss\u00e3o [&hellip;]<\/p>\n","protected":false},"author":1,"featured_media":1426,"comment_status":"open","ping_status":"open","sticky":false,"template":"","format":"standard","meta":{"footnotes":""},"categories":[2],"tags":[373,273],"class_list":["post-1425","post","type-post","status-publish","format-standard","has-post-thumbnail","hentry","category-destaque","tag-gersica-sandri-de-lucena","tag-omint"],"_links":{"self":[{"href":"https:\/\/diarioparanaense.com\/index.php?rest_route=\/wp\/v2\/posts\/1425","targetHints":{"allow":["GET"]}}],"collection":[{"href":"https:\/\/diarioparanaense.com\/index.php?rest_route=\/wp\/v2\/posts"}],"about":[{"href":"https:\/\/diarioparanaense.com\/index.php?rest_route=\/wp\/v2\/types\/post"}],"author":[{"embeddable":true,"href":"https:\/\/diarioparanaense.com\/index.php?rest_route=\/wp\/v2\/users\/1"}],"replies":[{"embeddable":true,"href":"https:\/\/diarioparanaense.com\/index.php?rest_route=%2Fwp%2Fv2%2Fcomments&post=1425"}],"version-history":[{"count":1,"href":"https:\/\/diarioparanaense.com\/index.php?rest_route=\/wp\/v2\/posts\/1425\/revisions"}],"predecessor-version":[{"id":1427,"href":"https:\/\/diarioparanaense.com\/index.php?rest_route=\/wp\/v2\/posts\/1425\/revisions\/1427"}],"wp:featuredmedia":[{"embeddable":true,"href":"https:\/\/diarioparanaense.com\/index.php?rest_route=\/wp\/v2\/media\/1426"}],"wp:attachment":[{"href":"https:\/\/diarioparanaense.com\/index.php?rest_route=%2Fwp%2Fv2%2Fmedia&parent=1425"}],"wp:term":[{"taxonomy":"category","embeddable":true,"href":"https:\/\/diarioparanaense.com\/index.php?rest_route=%2Fwp%2Fv2%2Fcategories&post=1425"},{"taxonomy":"post_tag","embeddable":true,"href":"https:\/\/diarioparanaense.com\/index.php?rest_route=%2Fwp%2Fv2%2Ftags&post=1425"}],"curies":[{"name":"wp","href":"https:\/\/api.w.org\/{rel}","templated":true}]}}