{"id":1422,"date":"2023-10-23T14:47:09","date_gmt":"2023-10-23T17:47:09","guid":{"rendered":"https:\/\/diarioparanaense.com\/?p=1422"},"modified":"2023-10-23T14:47:09","modified_gmt":"2023-10-23T17:47:09","slug":"obras-avancam-e-mercadoteca-do-shopping-crystal-deve-inaugurar-no-inicio-de-2024","status":"publish","type":"post","link":"https:\/\/diarioparanaense.com\/?p=1422","title":{"rendered":"Obras avan\u00e7am e Mercadoteca do Shopping Crystal deve inaugurar no in\u00edcio de 2024"},"content":{"rendered":"\n<p><em>A nova unidade da Mercadoteca apresenta seus conceitos arquitet\u00f4nicos e avan\u00e7os da obra<\/em><\/p>\n\n\n\n<p>Como parte da reestrutura\u00e7\u00e3o e amplia\u00e7\u00e3o do mix de opera\u00e7\u00f5es do Shopping Crystal, as obras para a nova unidade da Mercadoteca est\u00e3o a todo vapor. Faltando menos de tr\u00eas meses para o final do ano, os respons\u00e1veis pela obra comentam o est\u00e1gio de prepara\u00e7\u00e3o e as novidades para a inaugura\u00e7\u00e3o do espa\u00e7o, que deve ocorrer em janeiro de 2024.<\/p>\n\n\n\n<p>Al\u00e9m da gastronomia, o espa\u00e7o tamb\u00e9m envolve cultura e lazer. O empreendimento j\u00e1 confirmou opera\u00e7\u00f5es como Vino! (wine bar), Trovatta Trattoria (cozinha italiana), Continental Bar (coquetelaria), o Way Bar (da premiada cervejaria) e a novidade Tao Sushi, restaurante de culin\u00e1ria japonesa.<\/p>\n\n\n\n<p>A escolha do Shopping Crystal para receber a novidade foi estrat\u00e9gica, \u201cconsideramos a localiza\u00e7\u00e3o e o ambiente acolhedor e tradicional de Curitiba\u201d, conta Raphael Zanette, diretor da Mercadoteca. O empres\u00e1rio ressalta que o espa\u00e7o vai muito al\u00e9m da gastronomia, \u201cteremos eventos de m\u00fasica, entretenimento e cultura que v\u00e3o agregar a experi\u00eancia dos clientes que frequentam o Shopping\u201d, comenta.<\/p>\n\n\n\n<p>A superintendente do Shopping Crystal, Daniela Tambosi ressalta a parceria estrat\u00e9gica que impulsiona tanto a marca Mercadoteca como a do Shopping. \u201cO empreendimento vem em um momento de virada do Shopping, projetamos resultados positivos para ambos e estamos animados com as novidades do projeto\u201d, conta.<\/p>\n\n\n\n<p>\u00c9 poss\u00edvel notar o avan\u00e7o das obras no local, n\u00e3o existem mais os elementos da pra\u00e7a de alimenta\u00e7\u00e3o e o espa\u00e7o se prepara para receber as novas opera\u00e7\u00f5es da Mercadoteca. A arquiteta do empreendimento, Cl\u00e1udia Pereira, conta que o maior desafio do projeto foi transformar o espa\u00e7o antigo para o novo conceito. \u201cQueremos criar uma experi\u00eancia atrativa que gere curiosidade no p\u00fablico\u201d, explica.<\/p>\n\n\n\n<p>Todo o conceito da obra \u00e9 inspirado nos mercados europeus que \u201coferecem experi\u00eancias gastron\u00f4micas em espa\u00e7os mais equipados, com som ambiente, ilumina\u00e7\u00e3o que acompanha as opera\u00e7\u00f5es de forma adequada durante o dia e cria uma nova experi\u00eancia \u00e0 noite\u201d, detalha a arquiteta. O objetivo \u00e9 que o espa\u00e7o da Mercadoteca seja integrado, como um \u00fanico restaurante, mas que apresenta diversas formas de aproveitamento.<\/p>\n\n\n\n<p>Uma das preocupa\u00e7\u00f5es do empreendimento \u00e9 facilitar o acesso dos clientes que frequentam o Shopping, Cl\u00e1udia conta que um dos projetos \u00e9 justamente integrar o piso de acesso pela Rua Comendador Ara\u00fajo \u00e0 Mercadoteca. \u201cTemos agora no projeto um elevador que liga o piso da Comendador Ara\u00fajo diretamente ao piso da Mercadoteca. Mais uma facilidade que agiliza o acesso direto\u201d, destaca. Al\u00e9m da arquiteta Cl\u00e1udia Pereira, o projeto tamb\u00e9m conta com a colabora\u00e7\u00e3o do arquiteto Ralf Sperka.<\/p>\n\n\n\n<p>De acordo com Zanette, a inaugura\u00e7\u00e3o est\u00e1 prevista para janeiro e ainda promete muitas novidades. \u201cEstamos ansiosos em poder compartilhar este momento com o p\u00fablico, o projeto est\u00e1 avan\u00e7ando cada dia mais e logo estaremos juntos inaugurando o empreendimento\u201d, finaliza.<\/p>\n\n\n\n<p><strong>Servi\u00e7o:<\/strong><\/p>\n\n\n\n<p><strong>Shopping Crystal<\/strong><\/p>\n\n\n\n<p>Hor\u00e1rio: de segunda \u00e0 s\u00e1bado das 10h \u00e0s 22h e domingos e feriados das 14h \u00e0s 20h<\/p>\n\n\n\n<p>Endere\u00e7o: R. Comendador Ara\u00fajo, 731 &#8211; Batel, Curitiba &#8211; PR<\/p>\n\n\n\n<p>Redes sociais: @shoppingcrystal<\/p>\n\n\n\n<p>Mais informa\u00e7\u00f5es: <a href=\"http:\/\/www.shoppingcrystal.com.br\" data-type=\"link\" data-id=\"www.shoppingcrystal.com.br\">www.shoppingcrystal.com.br<\/a><\/p>\n\n\n\n<p><strong>Sobre o Shopping Crystal<\/strong><\/p>\n\n\n\n<p>Inaugurado em 1996, o Shopping Crystal \u00e9 administrado pelo Grupo Argo. Localizado em uma regi\u00e3o estrat\u00e9gica da cidade, \u00e9 um dos principais centros de compras e lazer de Curitiba. Com uma ampla variedade de lojas e op\u00e7\u00f5es de entretenimento, o shopping tem como miss\u00e3o proporcionar uma experi\u00eancia \u00fanica e agrad\u00e1vel para seus visitantes. Sempre em busca de inova\u00e7\u00e3o e crescimento, o Shopping Crystal consolida-se como um espa\u00e7o de refer\u00eancia para toda a fam\u00edlia, reunindo marcas reconhecidas e oferecendo servi\u00e7os de alta qualidade.<\/p>\n\n\n\n<p><\/p>\n","protected":false},"excerpt":{"rendered":"<p>A nova unidade da Mercadoteca apresenta seus conceitos arquitet\u00f4nicos e avan\u00e7os da obra Como parte da reestrutura\u00e7\u00e3o e amplia\u00e7\u00e3o do mix de opera\u00e7\u00f5es do Shopping Crystal, as obras para a nova unidade da Mercadoteca est\u00e3o a todo vapor. Faltando menos de tr\u00eas meses para o final do ano, os respons\u00e1veis pela obra comentam o est\u00e1gio [&hellip;]<\/p>\n","protected":false},"author":1,"featured_media":1423,"comment_status":"open","ping_status":"open","sticky":false,"template":"","format":"standard","meta":{"footnotes":""},"categories":[2,339],"tags":[372],"class_list":["post-1422","post","type-post","status-publish","format-standard","has-post-thumbnail","hentry","category-destaque","category-entretenimento","tag-shopping-crystal"],"_links":{"self":[{"href":"https:\/\/diarioparanaense.com\/index.php?rest_route=\/wp\/v2\/posts\/1422","targetHints":{"allow":["GET"]}}],"collection":[{"href":"https:\/\/diarioparanaense.com\/index.php?rest_route=\/wp\/v2\/posts"}],"about":[{"href":"https:\/\/diarioparanaense.com\/index.php?rest_route=\/wp\/v2\/types\/post"}],"author":[{"embeddable":true,"href":"https:\/\/diarioparanaense.com\/index.php?rest_route=\/wp\/v2\/users\/1"}],"replies":[{"embeddable":true,"href":"https:\/\/diarioparanaense.com\/index.php?rest_route=%2Fwp%2Fv2%2Fcomments&post=1422"}],"version-history":[{"count":1,"href":"https:\/\/diarioparanaense.com\/index.php?rest_route=\/wp\/v2\/posts\/1422\/revisions"}],"predecessor-version":[{"id":1424,"href":"https:\/\/diarioparanaense.com\/index.php?rest_route=\/wp\/v2\/posts\/1422\/revisions\/1424"}],"wp:featuredmedia":[{"embeddable":true,"href":"https:\/\/diarioparanaense.com\/index.php?rest_route=\/wp\/v2\/media\/1423"}],"wp:attachment":[{"href":"https:\/\/diarioparanaense.com\/index.php?rest_route=%2Fwp%2Fv2%2Fmedia&parent=1422"}],"wp:term":[{"taxonomy":"category","embeddable":true,"href":"https:\/\/diarioparanaense.com\/index.php?rest_route=%2Fwp%2Fv2%2Fcategories&post=1422"},{"taxonomy":"post_tag","embeddable":true,"href":"https:\/\/diarioparanaense.com\/index.php?rest_route=%2Fwp%2Fv2%2Ftags&post=1422"}],"curies":[{"name":"wp","href":"https:\/\/api.w.org\/{rel}","templated":true}]}}