{"id":1416,"date":"2023-10-23T09:06:15","date_gmt":"2023-10-23T12:06:15","guid":{"rendered":"https:\/\/diarioparanaense.com\/?p=1416"},"modified":"2023-10-23T09:06:37","modified_gmt":"2023-10-23T12:06:37","slug":"cedivida-promove-ciclo-de-palestras-viver-nao-tem-idadecom-foco-no-combate-ao-etarismo","status":"publish","type":"post","link":"https:\/\/diarioparanaense.com\/?p=1416","title":{"rendered":"CEDIVIDA promove Ciclo de Palestras \u201cViver n\u00e3o tem idade\u201dcom foco no combate ao etarismo"},"content":{"rendered":"\n<blockquote class=\"wp-block-quote is-layout-flow wp-block-quote-is-layout-flow\">\n<p>Os debates ser\u00e3o realizados nos dias 30 e 31 de outubro e as inscri\u00e7\u00f5es s\u00e3o gratuitas<\/p>\n<\/blockquote>\n\n\n\n<p>De acordo com os \u00faltimos dados do IBGE, o Instituto Brasileiro de Geografia e Estat\u00edstica, a popula\u00e7\u00e3o com 65 anos ou mais representa 10,5% do total no Brasil. Pensando nesse p\u00fablico e tamb\u00e9m nas pessoas 50+, o CEDIVIDA, Centro de Direitos \u00e0 Vida da Pessoa Idosa, da Associa\u00e7\u00e3o dos Amigos do HC, promover\u00e1 2 dias de palestras gratuitas abordando diversos temas relacionados ao etarismo, preconceito baseado em estere\u00f3tipos associados \u00e0 idade.<\/p>\n\n\n\n<p>O etarismo n\u00e3o ocorre somente com as pessoas 60+ e \u00e9 observado com mais frequ\u00eancia do que se imagina. Por\u00e9m, este tema entrou em evid\u00eancia h\u00e1 alguns meses, quando uma aluna de 45 anos sofreu preconceito por parte de algumas colegas de turma de uma universidade de Bauru, interior do estado de S\u00e3o Paulo.<\/p>\n\n\n\n<p>Considerando que ainda s\u00e3o comuns as percep\u00e7\u00f5es inadequadas acerca da autonomia do idoso, subestimando seu poder de decis\u00e3o ou capacidade em realizar tarefas, as palestras t\u00eam como objetivo conscientizar e combater o preconceito. Al\u00e9m do tema central, os palestrantes v\u00e3o abordar temas como empregabilidade, mercado de trabalho e direitos da pessoa idosa.<\/p>\n\n\n\n<p><\/p>\n\n\n\n<p><strong>Para participar das palestras os interessados podem fazer o cadastro pelo site: <\/strong><a href=\"https:\/\/campanha.cedivida.org.br\/ciclo-de-palestras\">https:\/\/campanha.cedivida.org.br\/ciclo-de-palestras<\/a> de forma gratuita. Para quem desejar ser\u00e1 cobrada uma taxa para emiss\u00e3o de certificado, valor que ser\u00e1 revertido em doa\u00e7\u00e3o ao CEDIVIDA.<\/p>\n\n\n\n<p>As vagas s\u00e3o limitadas, dispon\u00edveis para pessoas de todas as idades e os participantes podem optar por um ou dois dias de palestras. As informa\u00e7\u00f5es completas acerca dos palestrantes est\u00e3o dispon\u00edveis no site.<\/p>\n\n\n\n<p class=\"has-medium-font-size\">Temas e palestrantes confirmados:<\/p>\n\n\n\n<p>Universidade Aberta da Maturidade da UFPR com Ana Carolina Passos de Oliveira, professora do departamento de Terapia Ocupacional da UFPR e coordenadora da Universidade Aberta da Maturidade.<\/p>\n\n\n\n<p>Combatendo o etarismo nas institui\u00e7\u00f5es com Luciana Oliveira, ativista da longevidade.<\/p>\n\n\n\n<p>Empregabilidade 50+ com Charmoniks Heuer, Gerente de RH do Condor e vice-presidente da ABRH.<\/p>\n\n\n\n<p>Carreira e empreendedorismo 50+ com Luciana Oliveira, ativista da longevidade.<\/p>\n\n\n\n<p>Etarismo na vis\u00e3o do Direito com a Dra. Fabiana Franz, Advogada especialista em direitos da pessoa idosa.<\/p>\n\n\n\n<p>Conselho Municipal dos Direitos da Pessoa Idosa com Roberta Pivatto, Presidente do Conselho Municipal dos Direitos da Pessoa Idosa (CMDPI).<\/p>\n\n\n\n<p>Paran\u00e1 Amigo da Pessoa Idosa com Adriana de Oliveira, Coordenadora de Pol\u00edticas P\u00fablicas para a Pessoa Idosa no Estado do Paran\u00e1.<\/p>\n\n\n\n<p>Inclus\u00e3o social: chegou a hora da pessoa idosa com Dr. Carlos Sperandio, idealizador e respons\u00e1vel pela Cl\u00ednica Gerus &#8211; Envelhecimento &amp; Qualidade de Vida e pelo Projeto ColaborIdade.<\/p>\n\n\n\n<p>Bate papo &#8220;Viver n\u00e3o tem idade&#8221; com Dulcineia Novaes, jornalista, rep\u00f3rter e apresentadora.<\/p>\n\n\n\n<p class=\"has-medium-font-size\">Servi\u00e7o<\/p>\n\n\n\n<p><strong>Ciclo de Palestras \u201cViver n\u00e3o tem Idade\u201d<br>Data<\/strong>: 30 e 31 de outubro<br><strong>Hor\u00e1rio<\/strong>: a partir das 14h<br><strong>Local<\/strong>: CEDIVIDA<br><strong>Endere\u00e7o<\/strong>: Av. Agostinho Le\u00e3o Jr., 320 &#8211; Alto da Gl\u00f3ria<br><strong>Inscri\u00e7\u00f5es e informa\u00e7\u00f5es<\/strong>: <a href=\"https:\/\/campanha.cedivida.org.br\/ciclo-de-palestras\">https:\/\/campanha.cedivida.org.br\/ciclo-de-palestras<\/a><\/p>\n","protected":false},"excerpt":{"rendered":"<p>Os debates ser\u00e3o realizados nos dias 30 e 31 de outubro e as inscri\u00e7\u00f5es s\u00e3o gratuitas De acordo com os \u00faltimos dados do IBGE, o Instituto Brasileiro de Geografia e Estat\u00edstica, a popula\u00e7\u00e3o com 65 anos ou mais representa 10,5% do total no Brasil. Pensando nesse p\u00fablico e tamb\u00e9m nas pessoas 50+, o CEDIVIDA, Centro [&hellip;]<\/p>\n","protected":false},"author":1,"featured_media":1417,"comment_status":"open","ping_status":"open","sticky":false,"template":"","format":"standard","meta":{"footnotes":""},"categories":[186],"tags":[371],"class_list":["post-1416","post","type-post","status-publish","format-standard","has-post-thumbnail","hentry","category-eventos","tag-cedivida"],"_links":{"self":[{"href":"https:\/\/diarioparanaense.com\/index.php?rest_route=\/wp\/v2\/posts\/1416","targetHints":{"allow":["GET"]}}],"collection":[{"href":"https:\/\/diarioparanaense.com\/index.php?rest_route=\/wp\/v2\/posts"}],"about":[{"href":"https:\/\/diarioparanaense.com\/index.php?rest_route=\/wp\/v2\/types\/post"}],"author":[{"embeddable":true,"href":"https:\/\/diarioparanaense.com\/index.php?rest_route=\/wp\/v2\/users\/1"}],"replies":[{"embeddable":true,"href":"https:\/\/diarioparanaense.com\/index.php?rest_route=%2Fwp%2Fv2%2Fcomments&post=1416"}],"version-history":[{"count":1,"href":"https:\/\/diarioparanaense.com\/index.php?rest_route=\/wp\/v2\/posts\/1416\/revisions"}],"predecessor-version":[{"id":1418,"href":"https:\/\/diarioparanaense.com\/index.php?rest_route=\/wp\/v2\/posts\/1416\/revisions\/1418"}],"wp:featuredmedia":[{"embeddable":true,"href":"https:\/\/diarioparanaense.com\/index.php?rest_route=\/wp\/v2\/media\/1417"}],"wp:attachment":[{"href":"https:\/\/diarioparanaense.com\/index.php?rest_route=%2Fwp%2Fv2%2Fmedia&parent=1416"}],"wp:term":[{"taxonomy":"category","embeddable":true,"href":"https:\/\/diarioparanaense.com\/index.php?rest_route=%2Fwp%2Fv2%2Fcategories&post=1416"},{"taxonomy":"post_tag","embeddable":true,"href":"https:\/\/diarioparanaense.com\/index.php?rest_route=%2Fwp%2Fv2%2Ftags&post=1416"}],"curies":[{"name":"wp","href":"https:\/\/api.w.org\/{rel}","templated":true}]}}