{"id":1412,"date":"2023-10-20T16:14:22","date_gmt":"2023-10-20T19:14:22","guid":{"rendered":"https:\/\/diarioparanaense.com\/?p=1412"},"modified":"2023-10-20T16:31:46","modified_gmt":"2023-10-20T19:31:46","slug":"cha-para-todos-de-outubro-celebra-a-72a-edicao-das-debutantes-do-clube-curitibano","status":"publish","type":"post","link":"https:\/\/diarioparanaense.com\/?p=1412","title":{"rendered":"Ch\u00e1 Para Todos de outubro celebra a 72\u00aa edi\u00e7\u00e3o das Debutantes do Clube Curitibano"},"content":{"rendered":"\n<blockquote class=\"wp-block-quote is-layout-flow wp-block-quote-is-layout-flow\">\n<p>O evento eternizou um dos momentos mais importantes da vida dessas jovens<\/p>\n<\/blockquote>\n\n\n\n<p>Na tarde de quinta-feira (19), aconteceu o evento \u201cCh\u00e1 Para Todos\u201d no Sal\u00e3o Rubens Arles Bettega do Clube Curitibano. Desta vez, o ch\u00e1 teve como objetivo trazer de volta a alegria das Debutantes de 2023, que desfilaram com os vestidos usados na 72\u00aa edi\u00e7\u00e3o do baile tradicional, revivendo um dos momentos mais marcantes da vida delas.<\/p>\n\n\n\n<p>Ao todo foram 83 debutantes que participaram deste projeto, que foi desenvolvido durante todo o ano com muito carinho e cuidado. O evento aconteceu no dia 30 de setembro e contou com o apoio de terceiros e de todos os colaboradores do Clube.<\/p>\n\n\n\n<p>Durante uma tarde animada, al\u00e9m dos desfiles o evento tamb\u00e9m contou com sorteio de brindes e caf\u00e9 colonial. O encontro foi para associados e tamb\u00e9m para convidados.<\/p>\n\n\n\n<p>\u201cO baile tradicional das Debutantes \u00e9 um momento muito aguardado por todas as meninas que fazem 15 anos no ano, e poder reviver esse dia e o desfile no ch\u00e1 \u00e9 bastante especial. Eu tenho muito orgulho de poder participar de tudo isso\u201d, expressa a 1\u00aa Dama do Clube Curitibano, Lia Teresa&nbsp;de&nbsp;Oliveira.<\/p>\n","protected":false},"excerpt":{"rendered":"<p>O evento eternizou um dos momentos mais importantes da vida dessas jovens Na tarde de quinta-feira (19), aconteceu o evento \u201cCh\u00e1 Para Todos\u201d no Sal\u00e3o Rubens Arles Bettega do Clube Curitibano. Desta vez, o ch\u00e1 teve como objetivo trazer de volta a alegria das Debutantes de 2023, que desfilaram com os vestidos usados na 72\u00aa [&hellip;]<\/p>\n","protected":false},"author":1,"featured_media":1415,"comment_status":"open","ping_status":"open","sticky":false,"template":"","format":"standard","meta":{"footnotes":""},"categories":[186,338],"tags":[370,232],"class_list":["post-1412","post","type-post","status-publish","format-standard","has-post-thumbnail","hentry","category-eventos","category-gastronomia","tag-cha-para-todos","tag-clube-curitibano"],"_links":{"self":[{"href":"https:\/\/diarioparanaense.com\/index.php?rest_route=\/wp\/v2\/posts\/1412","targetHints":{"allow":["GET"]}}],"collection":[{"href":"https:\/\/diarioparanaense.com\/index.php?rest_route=\/wp\/v2\/posts"}],"about":[{"href":"https:\/\/diarioparanaense.com\/index.php?rest_route=\/wp\/v2\/types\/post"}],"author":[{"embeddable":true,"href":"https:\/\/diarioparanaense.com\/index.php?rest_route=\/wp\/v2\/users\/1"}],"replies":[{"embeddable":true,"href":"https:\/\/diarioparanaense.com\/index.php?rest_route=%2Fwp%2Fv2%2Fcomments&post=1412"}],"version-history":[{"count":1,"href":"https:\/\/diarioparanaense.com\/index.php?rest_route=\/wp\/v2\/posts\/1412\/revisions"}],"predecessor-version":[{"id":1414,"href":"https:\/\/diarioparanaense.com\/index.php?rest_route=\/wp\/v2\/posts\/1412\/revisions\/1414"}],"wp:featuredmedia":[{"embeddable":true,"href":"https:\/\/diarioparanaense.com\/index.php?rest_route=\/wp\/v2\/media\/1415"}],"wp:attachment":[{"href":"https:\/\/diarioparanaense.com\/index.php?rest_route=%2Fwp%2Fv2%2Fmedia&parent=1412"}],"wp:term":[{"taxonomy":"category","embeddable":true,"href":"https:\/\/diarioparanaense.com\/index.php?rest_route=%2Fwp%2Fv2%2Fcategories&post=1412"},{"taxonomy":"post_tag","embeddable":true,"href":"https:\/\/diarioparanaense.com\/index.php?rest_route=%2Fwp%2Fv2%2Ftags&post=1412"}],"curies":[{"name":"wp","href":"https:\/\/api.w.org\/{rel}","templated":true}]}}