{"id":1402,"date":"2023-10-20T15:31:13","date_gmt":"2023-10-20T18:31:13","guid":{"rendered":"https:\/\/diarioparanaense.com\/?p=1402"},"modified":"2023-10-20T15:31:14","modified_gmt":"2023-10-20T18:31:14","slug":"empresa-vem-completa-14-anos-e-comemora-crescimento-de-20","status":"publish","type":"post","link":"https:\/\/diarioparanaense.com\/?p=1402","title":{"rendered":"Empresa VEM completa 14 anos e comemora crescimento de 20%"},"content":{"rendered":"\n<blockquote class=\"wp-block-quote is-layout-flow wp-block-quote-is-layout-flow\">\n<p><em>Na contram\u00e3o do mercado, a VEM cria estrat\u00e9gias para manter crescimento sustent\u00e1vel<\/em><em><\/em><\/p>\n<\/blockquote>\n\n\n\n<p>A <a href=\"https:\/\/www.mundovem.com.br\">VEM<\/a>, empresa refer\u00eancia na produ\u00e7\u00e3o de utens\u00edlios para <em>food service<\/em> e consumidor final, alcan\u00e7ou a marca de crescimento de 20% em rela\u00e7\u00e3o ao \u00faltimo ano. Boa parte dessa performance deve-se ao fato de ter incorporado estrat\u00e9gias segmentadas para marketplaces, novas t\u00e1ticas de branding e posicionamento&nbsp;da&nbsp;marca.<\/p>\n\n\n\n<p>Desenvolver produtos com tecnologia de ponta, alta qualidade, maior resist\u00eancia, design inovador, antecipa\u00e7\u00e3o da paleta de cores da tend\u00eancia para pr\u00f3ximo ano s\u00e3o alguns dos diferenciais da VEM. O objetivo \u00e9 sempre criar produtos que facilitam o dia a dia das pessoas e, principalmente, com a responsabilidade de serem 100% recicl\u00e1veis, diferenciais que est\u00e3o no DNA da empresa.<\/p>\n\n\n\n<p>Segundo Renata Oliveira, Diretora da VEM, os constantes investimentos em tecnologia, desenvolvimento de produtos, equipamentos modernos de \u00faltima gera\u00e7\u00e3o s\u00e3o importantes para manter o crescimento. \u201cPara ampliar a atua\u00e7\u00e3o no mercado, estamos adotando estrat\u00e9gias segmentadas para marketplaces, novas t\u00e1ticas de branding e posicionamento da marca que j\u00e1 se mostraram acertadas, ampliando mercado e conquistando novos consumidores\u201d, explica a executiva.<\/p>\n\n\n\n<p>Todos esses movimentos e iniciativas est\u00e3o fazendo com que a VEM alavanque novos neg\u00f3cios e nichos, al\u00e9m de tornar a empresa uma refer\u00eancia no mercado nacional e internacional, ampliando sua participa\u00e7\u00e3o no mercado de atua\u00e7\u00e3o, entre eles a Horeca (bares, hot\u00e9is, restaurantes, buffet, caf\u00e9s, padarias, confeitarias, lanchonetes, hospitais, sorveterias e a\u00e7aiterias) e o consumidor final.<\/p>\n\n\n\n<p>A executiva destaca tamb\u00e9m que a filosofia da empresa \u201cidealizar, transformar e crescer\u201d continua sendo seguida ao longo dos 14 anos. \u00a0A criatividade e o foco para identificar poss\u00edveis dores nas tarefas di\u00e1rias, tanto de empresas como de pessoas, inspiram a VEM a criar produtos pr\u00e1ticos e que agreguem benef\u00edcios que as pessoas nem percebiam no dia a dia, mas que passam a dar valor e perceber o quanto s\u00e3o importantes.<\/p>\n\n\n\n<p><strong>Solu\u00e7\u00f5es que resolvem as dores do consumidor em geral<\/strong><\/p>\n\n\n\n<p>Em 2009, a ideia de criar o primeiro produto surgiu quando Ricardo Oliveira, Diretor da VEM, observou alguns acidentes com a quebra de ta\u00e7as de vidro em uma padaria paulistana. Algum tempo depois, lan\u00e7ou a Ta\u00e7a Paris, de policarbonato, e \u00e9 250 vezes mais resistente do que o vidro e 80% mais leve. Esse produto tornou-se um dos carros-chefes da marca e se mant\u00e9m no portf\u00f3lio. &nbsp;<\/p>\n\n\n\n<p>\u201cConseguimos idealizar uma solu\u00e7\u00e3o inovadora que reduz custos com a reposi\u00e7\u00e3o, uma vez que tem durabilidade de 5 anos e garante a preven\u00e7\u00e3o de acidentes. A partir da\u00ed tivemos a certeza de que est\u00e1vamos no caminho certo. \u00a0J\u00e1 contamos com mais de 2 mil itens de silicone, polisulfona, tritan, policarbonato e polipropileno desenvolvidos para serem solu\u00e7\u00f5es de economia para os neg\u00f3cios de diversos segmentos\u201d, ressalta Ricardo Oliveira.<\/p>\n\n\n<div class=\"wp-block-image\">\n<figure class=\"aligncenter size-full is-resized\"><img loading=\"lazy\" decoding=\"async\" width=\"800\" height=\"532\" src=\"https:\/\/diarioparanaense.com\/wp-content\/uploads\/2023\/10\/s.jpg\" alt=\"\" class=\"wp-image-1404\" style=\"aspect-ratio:1.5037593984962405;width:840px;height:auto\" srcset=\"https:\/\/diarioparanaense.com\/wp-content\/uploads\/2023\/10\/s.jpg 800w, https:\/\/diarioparanaense.com\/wp-content\/uploads\/2023\/10\/s-300x200.jpg 300w, https:\/\/diarioparanaense.com\/wp-content\/uploads\/2023\/10\/s-768x511.jpg 768w, https:\/\/diarioparanaense.com\/wp-content\/uploads\/2023\/10\/s-696x463.jpg 696w, https:\/\/diarioparanaense.com\/wp-content\/uploads\/2023\/10\/s-632x420.jpg 632w\" sizes=\"auto, (max-width: 800px) 100vw, 800px\" \/><figcaption class=\"wp-element-caption\">Comemora\u00e7\u00e3o de 14 anos da VEM: times do escrit\u00f3rio e da f\u00e1brica<\/figcaption><\/figure><\/div>\n\n\n<p><strong>Aposta no mercado internacional<\/strong><\/p>\n\n\n\n<p>J\u00e1 presente no Paraguai e Uruguai, com embarques regulares de produtos das linhas para Horeca (BHR), a expectativa da empresa \u00e9 realizar uma expans\u00e3o assertiva em 2024 nos mercados-alvo mais maduros dos Estados Unidos e Europa.<\/p>\n\n\n\n<p>O primeiro passo para ampliar atua\u00e7\u00e3o e conquistar mercado em outros pa\u00edses foi com a participa\u00e7\u00e3o em feiras e eventos internacionais. Ficou comprovado que o valor agregado aos produtos atendia totalmente as necessidades do mercado internacional em otimizar e economizar nas opera\u00e7\u00f5es da cozinha. \u201cOferecemos algo a mais para esse segmento, com produtos de qualidade e sustent\u00e1veis, aliados \u00e0 mat\u00e9ria-prima 100% virgem e de alta qualidade, desgin moderno e cores que seguem a tend\u00eancia internacional, tornando-nos bastante competitivos para um p\u00fablico altamente exigente e que leva muito \u00e0 s\u00e9rio a quest\u00e3o da qualidade e efici\u00eancia dos produtos\u201d, esclarece o executivo.<\/p>\n\n\n\n<p><strong>Compensa\u00e7\u00e3o ambiental<\/strong><\/p>\n\n\n\n<p>O tema Meio Ambiente tem sido muito abordado h\u00e1 alguns anos e a VEM acredita que \u00e9 preciso conscientizar a sociedade sobre o dever de todos em rela\u00e7\u00e3o aos problemas ambientais em todo o mundo.<\/p>\n\n\n\n<p>Ao longo dos anos, a VEM tem desenvolvido projetos de compensa\u00e7\u00e3o ambiental para equilibrar as dimens\u00f5es econ\u00f4micas, sociais e ambientais em prol do desenvolvimento sustent\u00e1vel do planeta, entre eles o Adote um Copo e Eureciclo.<\/p>\n\n\n\n<p><em><u>Projeto Adote um Copo <\/u><\/em><em><u><\/u><\/em><\/p>\n\n\n\n<p>No Brasil, s\u00e3o consumidos mais de 720 milh\u00f5es de copos descart\u00e1veis. Um n\u00famero extremamente elevado e que causa impactos severos ao meio ambiente. Para mudar essa realidade e apostando em uma a\u00e7\u00e3o de sustentabilidade, a <a href=\"https:\/\/www.mundovem.com.br\">VEM<\/a> criou o projeto \u201cAdote um Copo\u201d, em janeiro deste ano, que contou com a ades\u00e3o total de todos os seus 71 colaboradores.<\/p>\n\n\n\n<p>Levando em conta o n\u00famero de funcion\u00e1rios e o consumo de copos descart\u00e1veis por m\u00eas de cada um (cerca de 88 copos), resultaria na utiliza\u00e7\u00e3o de 6.248 copos descart\u00e1veis mensalmente. Ao longo desses nove meses do projeto, seriam 56.232 copos descart\u00e1veis, que a um custo m\u00e9dio alcan\u00e7aria o valor de R$ 3.936,24.<\/p>\n\n\n\n<p>\u201cEnquanto as empresas continuarem acreditando que sustentabilidade e lucro n\u00e3o andam juntos, elas v\u00e3o continuar perdendo dinheiro. O projeto Adote um Copo, por exemplo, elimina copos descart\u00e1veis de um empreendimento e pode faz\u00ea-lo economizar mais de<strong> 35%<\/strong>, <strong>em 9 meses<\/strong>\u201d, destaca Renata Oliveira, Diretora da VEM.<\/p>\n\n\n\n<p><em><u>Parceria com Eureciclo<\/u><\/em><em><u><\/u><\/em><\/p>\n\n\n\n<p>Para garantir o impacto positivo ao meio ambiente e trazer a transpar\u00eancia no gerenciamento de seus res\u00edduos com manejo sustent\u00e1vel, a empresa firmou uma parceria com a entidade eu<strong>reciclo<\/strong>, al\u00e9m de diversas campanhas de conscientiza\u00e7\u00e3o sobre a import\u00e2ncia da reciclagem.<\/p>\n\n\n\n<p>\u201cA parceria entre <a href=\"https:\/\/www.mundovem.com.br\">VEM<\/a> e Eureciclo come\u00e7ou pela vontade em criar um futuro mais sustent\u00e1vel, afinal, empresas s\u00e3o parte da sociedade e devem contribuir com seu crescimento. E deu certo. S\u00f3 em 2022 foram 18 mil toneladas recicladas, mas \u00e9 s\u00f3 o come\u00e7o!\u201d, avalia a executiva.&nbsp;<\/p>\n\n\n\n<p>S\u00e3o a\u00e7\u00f5es simples como o uso de produtos reutiliz\u00e1veis que, al\u00e9m de reduzir gastos a m\u00e9dio e longo prazos, possibilitam um futuro mais sustent\u00e1vel. Um bom exemplo \u00e9 deixar de utilizar copos descart\u00e1veis em casa ou no trabalho, j\u00e1 que demoram at\u00e9 400 anos para se decompor na natureza quando n\u00e3o t\u00eam seu descarte feito corretamente.<\/p>\n\n\n\n<p>J\u00e1 as empresas, cada vez mais, precisam criar solu\u00e7\u00f5es para reciclagem e descarte correto de seus produtos. Atitudes f\u00e1ceis de serem realizadas quando se deixa de pensar em si mesmo para pensar no coletivo, partindo para criar h\u00e1bitos que permitem mudan\u00e7as no comportamento para respeitar o meio ambiente.<\/p>\n\n\n\n<p><strong>Sobre a VEM (www.mundovem.com.br)<\/strong><\/p>\n\n\n\n<p>Fundada em 2009, a empresa 100% brasileira conta com mais de 2 mil itens de silicone, polisulfona, tritan, policarbonato e polipropileno desenvolvidos para serem solu\u00e7\u00f5es de economia para neg\u00f3cios Horeca (como bares, hot\u00e9is, restaurantes, buffet, caf\u00e9s, padarias, confeitarias, lanchonetes, hospitais, sorveterias e a\u00e7aiterias), al\u00e9m do consumidor final.<\/p>\n\n\n\n<p>Al\u00e9m de oferecer produtos pr\u00e1ticos, com design arrojados e criativos, a VEM desenvolve solu\u00e7\u00f5es reais para as demandas do dia a dia, como produtos resistentes \u00e0s temperaturas e aos impactos, recicl\u00e1veis, com design marcante e formatos inteligentes, ideais para o empilhamento.<\/p>\n\n\n\n<p>Todos os utens\u00edlios t\u00eam a certifica\u00e7\u00e3o da Falc\u00e3o Bauer, al\u00e9m de estarem em conformidade com a FDA e a Anvisa. Isso significa que os produtos n\u00e3o contaminam os alimentos, garantindo mais seguran\u00e7a para todos.<\/p>\n\n\n\n<p>A VEM tamb\u00e9m est\u00e1 presente no Paraguai e Uruguai com embarques regulares de produtos das linhas para HoReCa (BHR). O pr\u00f3ximo passo, a m\u00e9dio e longo prazos, s\u00e3o os mercados-alvo mais maduros dos Estados Unidos e Europa. Mais informa\u00e7\u00f5es em <a href=\"http:\/\/www.mundovem.com.br\">www.mundovem.com.br<\/a><\/p>\n","protected":false},"excerpt":{"rendered":"<p>Na contram\u00e3o do mercado, a VEM cria estrat\u00e9gias para manter crescimento sustent\u00e1vel A VEM, empresa refer\u00eancia na produ\u00e7\u00e3o de utens\u00edlios para food service e consumidor final, alcan\u00e7ou a marca de crescimento de 20% em rela\u00e7\u00e3o ao \u00faltimo ano. Boa parte dessa performance deve-se ao fato de ter incorporado estrat\u00e9gias segmentadas para marketplaces, novas t\u00e1ticas de [&hellip;]<\/p>\n","protected":false},"author":1,"featured_media":1403,"comment_status":"open","ping_status":"open","sticky":false,"template":"","format":"standard","meta":{"footnotes":""},"categories":[2,324],"tags":[35],"class_list":["post-1402","post","type-post","status-publish","format-standard","has-post-thumbnail","hentry","category-destaque","category-negocios","tag-vem"],"_links":{"self":[{"href":"https:\/\/diarioparanaense.com\/index.php?rest_route=\/wp\/v2\/posts\/1402","targetHints":{"allow":["GET"]}}],"collection":[{"href":"https:\/\/diarioparanaense.com\/index.php?rest_route=\/wp\/v2\/posts"}],"about":[{"href":"https:\/\/diarioparanaense.com\/index.php?rest_route=\/wp\/v2\/types\/post"}],"author":[{"embeddable":true,"href":"https:\/\/diarioparanaense.com\/index.php?rest_route=\/wp\/v2\/users\/1"}],"replies":[{"embeddable":true,"href":"https:\/\/diarioparanaense.com\/index.php?rest_route=%2Fwp%2Fv2%2Fcomments&post=1402"}],"version-history":[{"count":1,"href":"https:\/\/diarioparanaense.com\/index.php?rest_route=\/wp\/v2\/posts\/1402\/revisions"}],"predecessor-version":[{"id":1405,"href":"https:\/\/diarioparanaense.com\/index.php?rest_route=\/wp\/v2\/posts\/1402\/revisions\/1405"}],"wp:featuredmedia":[{"embeddable":true,"href":"https:\/\/diarioparanaense.com\/index.php?rest_route=\/wp\/v2\/media\/1403"}],"wp:attachment":[{"href":"https:\/\/diarioparanaense.com\/index.php?rest_route=%2Fwp%2Fv2%2Fmedia&parent=1402"}],"wp:term":[{"taxonomy":"category","embeddable":true,"href":"https:\/\/diarioparanaense.com\/index.php?rest_route=%2Fwp%2Fv2%2Fcategories&post=1402"},{"taxonomy":"post_tag","embeddable":true,"href":"https:\/\/diarioparanaense.com\/index.php?rest_route=%2Fwp%2Fv2%2Ftags&post=1402"}],"curies":[{"name":"wp","href":"https:\/\/api.w.org\/{rel}","templated":true}]}}