{"id":1399,"date":"2023-10-19T17:42:48","date_gmt":"2023-10-19T20:42:48","guid":{"rendered":"https:\/\/diarioparanaense.com\/?p=1399"},"modified":"2023-10-19T17:42:48","modified_gmt":"2023-10-19T20:42:48","slug":"rede-de-farmacias-realiza-mutirao-de-imunizacao-contra-a-gripe-em-curitiba","status":"publish","type":"post","link":"https:\/\/diarioparanaense.com\/?p=1399","title":{"rendered":"Rede de farm\u00e1cias realiza mutir\u00e3o de imuniza\u00e7\u00e3o contra a gripe em Curitiba"},"content":{"rendered":"\n<p class=\"has-medium-font-size\">Nissei esteve presente na comunidade do Caximba e em grupos que atendem crian\u00e7as e adolescentes com defici\u00eancia<\/p>\n\n\n\n<p>Nesta ter\u00e7a-feira, dia 17, foi celebrado o Dia Nacional da Vacina\u00e7\u00e3o. Segundo dados do Minist\u00e9rio da Sa\u00fade, a cobertura vacinal da gripe no estado do Paran\u00e1 se encontra em 54,92%, enquanto na cidade de Curitiba esse n\u00famero atinge 48,75%. Com o intuito de promover a conscientiza\u00e7\u00e3o sobre a import\u00e2ncia da vacina\u00e7\u00e3o, a rede de Farm\u00e1cias Nissei uniu esfor\u00e7os com diversas organiza\u00e7\u00f5es para realizar uma campanha de vacina\u00e7\u00e3o na capital paranaense.<\/p>\n\n\n\n<p>Durante a semana, os farmac\u00eauticos da rede aplicaram aproximadamente 800 doses da vacina em diferentes locais, atendendo \u00e0 comunidade do Caximba, a Associa\u00e7\u00e3o de Pais e Amigos dos Excepcionais (Apae) e a Escola Alternativa, que oferece suporte a estudantes com Transtornos Globais de Desenvolvimento.<\/p>\n\n\n\n<p>O presidente da Associa\u00e7\u00e3o de Moradores Amigos do Bairro Caximba, Pastor Jorge Nunes, destaca a relev\u00e2ncia desta iniciativa, especialmente para essa comunidade espec\u00edfica, que \u00e9 uma das mais populosas e vulner\u00e1veis do Paran\u00e1. Ele ressalta ainda o impacto positivo que essa a\u00e7\u00e3o tem, abrangendo n\u00e3o apenas as crian\u00e7as, mas toda a comunidade.<\/p>\n\n\n\n<p>J\u00e1 as campanhas realizadas nas APAEs da capital aconteceram em duas unidades: Batel e Santa Felicidade. A coordenadora de sa\u00fade da associa\u00e7\u00e3o, Laura Ribas Tilly Cutrim, comenta que, por atenderem pessoas com diversas atipicidades, possuem contato direto com indiv\u00edduos que podem apresentar fragilidade na sa\u00fade, devido a comorbidades decorrentes dos pr\u00f3prios quadros que apresentam.<\/p>\n\n\n\n<p>&#8220;Atendemos, por exemplo, pessoas com cardiopatia cong\u00eanita, que \u00e9 uma das comorbidades comuns em indiv\u00edduos com s\u00edndrome de Down. A cardiopatia pode tornar a pessoa mais suscet\u00edvel a infec\u00e7\u00f5es. Portanto, realizar o processo de vacina\u00e7\u00e3o favorece um ambiente ainda mais seguro e saud\u00e1vel tanto para os nossos atendidos quanto para os colaboradores&#8221;, explica.<\/p>\n\n\n\n<p>Na Escola Alternativa, a vacina\u00e7\u00e3o foi estendida a alunos e colaboradores. Segundo a diretora da institui\u00e7\u00e3o de ensino, Juliana Paula Mendes: &#8220;\u00c0s vezes, sem perceber, os pais podem enviar seus filhos para a escola mesmo quando eles est\u00e3o gripados, o que pode resultar na transmiss\u00e3o do v\u00edrus para os colegas. Isso \u00e9 uma preocupa\u00e7\u00e3o, especialmente quando lidamos com crian\u00e7as que t\u00eam autismo, pois, em muitos casos, elas podem n\u00e3o estar cientes da import\u00e2ncia de cobrir o nariz e a boca ao espirrar.&#8221;<\/p>\n\n\n\n<p>A preocupa\u00e7\u00e3o com a dissemina\u00e7\u00e3o da doen\u00e7a \u00e9 um dos principais motivos que levou a rede de farm\u00e1cias a realizar essa campanha. As baixas temperaturas favorecem o cont\u00e1gio por v\u00edrus, como o da gripe. Isso ocorre por conta de h\u00e1bitos ligados ao frio, como a perman\u00eancia em lugares fechados e pouco ventilados, facilitando a circula\u00e7\u00e3o de microorganismos. Alexandre Maeoka, CEO da Nissei, enfatiza sobre a import\u00e2ncia de manter a vacina\u00e7\u00e3o em dia para que n\u00e3o haja surtos da doen\u00e7a.<\/p>\n\n\n\n<p>\u201c\u00c9 essencial destacar que, al\u00e9m de resguardar o indiv\u00edduo que recebe a vacina, a imuniza\u00e7\u00e3o desempenha um papel significativo na redu\u00e7\u00e3o da propaga\u00e7\u00e3o do v\u00edrus em toda a comunidade, se tornando fundamental na preven\u00e7\u00e3o de surtos&nbsp;de&nbsp;gripe&#8221;.<\/p>\n","protected":false},"excerpt":{"rendered":"<p>Nissei esteve presente na comunidade do Caximba e em grupos que atendem crian\u00e7as e adolescentes com defici\u00eancia Nesta ter\u00e7a-feira, dia 17, foi celebrado o Dia Nacional da Vacina\u00e7\u00e3o. Segundo dados do Minist\u00e9rio da Sa\u00fade, a cobertura vacinal da gripe no estado do Paran\u00e1 se encontra em 54,92%, enquanto na cidade de Curitiba esse n\u00famero atinge [&hellip;]<\/p>\n","protected":false},"author":1,"featured_media":1400,"comment_status":"open","ping_status":"open","sticky":false,"template":"","format":"standard","meta":{"footnotes":""},"categories":[164],"tags":[369,349],"class_list":["post-1399","post","type-post","status-publish","format-standard","has-post-thumbnail","hentry","category-saude-2","tag-dia-nacional-da-vacinacao","tag-nissei"],"_links":{"self":[{"href":"https:\/\/diarioparanaense.com\/index.php?rest_route=\/wp\/v2\/posts\/1399","targetHints":{"allow":["GET"]}}],"collection":[{"href":"https:\/\/diarioparanaense.com\/index.php?rest_route=\/wp\/v2\/posts"}],"about":[{"href":"https:\/\/diarioparanaense.com\/index.php?rest_route=\/wp\/v2\/types\/post"}],"author":[{"embeddable":true,"href":"https:\/\/diarioparanaense.com\/index.php?rest_route=\/wp\/v2\/users\/1"}],"replies":[{"embeddable":true,"href":"https:\/\/diarioparanaense.com\/index.php?rest_route=%2Fwp%2Fv2%2Fcomments&post=1399"}],"version-history":[{"count":1,"href":"https:\/\/diarioparanaense.com\/index.php?rest_route=\/wp\/v2\/posts\/1399\/revisions"}],"predecessor-version":[{"id":1401,"href":"https:\/\/diarioparanaense.com\/index.php?rest_route=\/wp\/v2\/posts\/1399\/revisions\/1401"}],"wp:featuredmedia":[{"embeddable":true,"href":"https:\/\/diarioparanaense.com\/index.php?rest_route=\/wp\/v2\/media\/1400"}],"wp:attachment":[{"href":"https:\/\/diarioparanaense.com\/index.php?rest_route=%2Fwp%2Fv2%2Fmedia&parent=1399"}],"wp:term":[{"taxonomy":"category","embeddable":true,"href":"https:\/\/diarioparanaense.com\/index.php?rest_route=%2Fwp%2Fv2%2Fcategories&post=1399"},{"taxonomy":"post_tag","embeddable":true,"href":"https:\/\/diarioparanaense.com\/index.php?rest_route=%2Fwp%2Fv2%2Ftags&post=1399"}],"curies":[{"name":"wp","href":"https:\/\/api.w.org\/{rel}","templated":true}]}}