{"id":1396,"date":"2023-10-19T16:26:25","date_gmt":"2023-10-19T19:26:25","guid":{"rendered":"https:\/\/diarioparanaense.com\/?p=1396"},"modified":"2023-10-19T16:26:26","modified_gmt":"2023-10-19T19:26:26","slug":"criancas-e-adolescentes-de-almirante-tamandare-fazem-show-de-talentos-gratuito-divercidade","status":"publish","type":"post","link":"https:\/\/diarioparanaense.com\/?p=1396","title":{"rendered":"Crian\u00e7as e adolescentes de Almirante Tamandar\u00e9 fazem show de talentos gratuito \u201cDiverCidade\u201d"},"content":{"rendered":"\n<p class=\"has-medium-font-size\">Apresenta\u00e7\u00e3o de can\u00e7\u00f5es e instrumentos acontece dia 27 de outubro, \u00e0s 19h, no Audit\u00f3rio M\u00e1rio Schoemberger da EMBAP<\/p>\n\n\n\n<p>Um show de m\u00fasica gratuito que mostra o quanto cerca de 40 crian\u00e7as e adolescentes de 12 a 18 anos, moradoras de Almirante Tamandar\u00e9, se desenvolveram no semestre. Assim \u00e9 \u201cDiverCidade\u201d, Mostra Semestral de M\u00fasica do Projeto Dorcas, com entrada franca, com o coro Pipa Amarela, al\u00e9m dos grupos de metais. A apresenta\u00e7\u00e3o acontece dia 27 de outubro, \u00e0s 19h, no Audit\u00f3rio M\u00e1rio Schoemberger da Escola de M\u00fasica e Belas Artes do Paran\u00e1 (Rua Bar\u00e3o do Rio Branco, 370).<\/p>\n\n\n\n<p>Em \u201cTr\u00eas cantos do \u00edndios kra\u00f4\u201d, os m\u00fasicos mirins trazem uma pesquisa com cantos de povos origin\u00e1rios &#8211; imperd\u00edvel! \u201cDessa vez faremos um espet\u00e1culo diferente de tudo que j\u00e1 fizemos. Levaremos para o palco o universo sonoro com seu movimento que transita entre a vida urbana e a natureza!\u201d, promete a diretora do Dorcas, Darcl\u00ea Westphal da Cunha.<\/p>\n\n\n\n<p>Na programa\u00e7\u00e3o, can\u00e7\u00f5es e m\u00fasicas instrumentais como \u201cUp town funk\u201d, \u201cVilarejo\u201d, \u201cCaminheiro\u201d, \u201cEnana kakou\u201d, \u201cTr\u00eas cantos do \u00edndios kra\u00f4\u201d, \u201cYesterday\u201d, \u201cMegalovania\u201d, \u201cS\u00e1 Marina\u201d, \u201cSamba de roda\u201d e \u201cEverybody\u201d.<\/p>\n\n\n\n<p class=\"has-medium-font-size\">Conhe\u00e7a a m\u00fasica do Dorcas<\/p>\n\n\n\n<p>O show traz crian\u00e7as e jovens que tiveram o primeiro contato com a m\u00fasica ali no projeto, e trazem m\u00fasicas brasileiras e internacionais, com instrumentos de percuss\u00e3o e muita movimenta\u00e7\u00e3o c\u00eanica. \u201cQuando a gente v\u00ea as crian\u00e7as cantando t\u00e3o lindas, n\u00e3o esquece que, antes do show, tem muito trabalho. Apoiamos crian\u00e7as que t\u00eam muitas dores, e por isso nossa equipe de psic\u00f3logos, psicopedagogos e assistentes sociais \u00e9 muito presente para auxiliar a vencer as in\u00fameras dificuldades\u201d, explica a diretora do Projeto Dorcas, Darcl\u00ea Westphal da Cunha.<\/p>\n\n\n\n<p>Para ela, todo o esfor\u00e7o em educa\u00e7\u00e3o musical do projeto integra um contexto mais amplo de estrat\u00e9gias para ajudar as crian\u00e7as e adolescentes atendidos em seu desenvolvimento pessoal, autoestima e a acreditar que podem ter um futuro melhor.<\/p>\n\n\n\n<p>O Projeto Dorcas atua desde 1996 com sede na Rodovia dos Min\u00e9rios, no bairro Bonfim, em Almirante Tamandar\u00e9. Com a miss\u00e3o de atender crian\u00e7as, adolescentes e jovens em situa\u00e7\u00e3o de vulnerabilidade social, enfoca as necessidades b\u00e1sicas como alimenta\u00e7\u00e3o e educa\u00e7\u00e3o, agregando valores crist\u00e3os como amor, esperan\u00e7a, paz e justi\u00e7a.<\/p>\n\n\n\n<p>Desde a sua funda\u00e7\u00e3o, j\u00e1 atendeu mais de 4.000 pessoas. Hoje, recebe cerca de 300 crian\u00e7as e adolescentes entre 4 e 21 anos e suas fam\u00edlias, de segunda a s\u00e1bado, durante o contraturno escolar, servindo quatro refei\u00e7\u00f5es di\u00e1rias.<\/p>\n\n\n\n<p class=\"has-medium-font-size\">SERVI\u00c7O<\/p>\n\n\n\n<p><strong>\u201cDiverCidade\u201d &#8211; Mostra de M\u00fasica do Projeto Dorcas<br><\/strong>Dia 27 de outubro, \u00e0s 19h<br><strong>Local <\/strong>&#8211; Audit\u00f3rio M\u00e1rio Schoemberger da Escola de M\u00fasica e Belas Artes do Paran\u00e1 (Rua Bar\u00e3o do Rio Branco, 370).<br><strong>Entrada franca.<\/strong><\/p>\n\n\n\n<p><strong>Sobre n\u00f3s:<\/strong> Desde 1996, \u00e9 reconhecido pelo poder p\u00fablico e pela popula\u00e7\u00e3o local como uma entidade comprometida com o bem estar da comunidade do bairro Bonfim, em Almirante Tamandar\u00e9. Administrado pela Associa\u00e7\u00e3o Evang\u00e9lica Cristo Redentor (AECRI), oferece aulas de refor\u00e7o no contraturno escolar, m\u00fasica e esportes, al\u00e9m de quatro refei\u00e7\u00f5es di\u00e1rias, a cerca de 320 crian\u00e7as e adolescentes de 4 a 21 anos. Saiba mais no site\u00a0do\u00a0projeto.<\/p>\n","protected":false},"excerpt":{"rendered":"<p>Apresenta\u00e7\u00e3o de can\u00e7\u00f5es e instrumentos acontece dia 27 de outubro, \u00e0s 19h, no Audit\u00f3rio M\u00e1rio Schoemberger da EMBAP Um show de m\u00fasica gratuito que mostra o quanto cerca de 40 crian\u00e7as e adolescentes de 12 a 18 anos, moradoras de Almirante Tamandar\u00e9, se desenvolveram no semestre. Assim \u00e9 \u201cDiverCidade\u201d, Mostra Semestral de M\u00fasica do Projeto [&hellip;]<\/p>\n","protected":false},"author":1,"featured_media":1397,"comment_status":"open","ping_status":"open","sticky":false,"template":"","format":"standard","meta":{"footnotes":""},"categories":[24,148],"tags":[368],"class_list":["post-1396","post","type-post","status-publish","format-standard","has-post-thumbnail","hentry","category-artes","category-educacao","tag-divercidade"],"_links":{"self":[{"href":"https:\/\/diarioparanaense.com\/index.php?rest_route=\/wp\/v2\/posts\/1396","targetHints":{"allow":["GET"]}}],"collection":[{"href":"https:\/\/diarioparanaense.com\/index.php?rest_route=\/wp\/v2\/posts"}],"about":[{"href":"https:\/\/diarioparanaense.com\/index.php?rest_route=\/wp\/v2\/types\/post"}],"author":[{"embeddable":true,"href":"https:\/\/diarioparanaense.com\/index.php?rest_route=\/wp\/v2\/users\/1"}],"replies":[{"embeddable":true,"href":"https:\/\/diarioparanaense.com\/index.php?rest_route=%2Fwp%2Fv2%2Fcomments&post=1396"}],"version-history":[{"count":1,"href":"https:\/\/diarioparanaense.com\/index.php?rest_route=\/wp\/v2\/posts\/1396\/revisions"}],"predecessor-version":[{"id":1398,"href":"https:\/\/diarioparanaense.com\/index.php?rest_route=\/wp\/v2\/posts\/1396\/revisions\/1398"}],"wp:featuredmedia":[{"embeddable":true,"href":"https:\/\/diarioparanaense.com\/index.php?rest_route=\/wp\/v2\/media\/1397"}],"wp:attachment":[{"href":"https:\/\/diarioparanaense.com\/index.php?rest_route=%2Fwp%2Fv2%2Fmedia&parent=1396"}],"wp:term":[{"taxonomy":"category","embeddable":true,"href":"https:\/\/diarioparanaense.com\/index.php?rest_route=%2Fwp%2Fv2%2Fcategories&post=1396"},{"taxonomy":"post_tag","embeddable":true,"href":"https:\/\/diarioparanaense.com\/index.php?rest_route=%2Fwp%2Fv2%2Ftags&post=1396"}],"curies":[{"name":"wp","href":"https:\/\/api.w.org\/{rel}","templated":true}]}}