{"id":1387,"date":"2023-10-18T09:47:49","date_gmt":"2023-10-18T12:47:49","guid":{"rendered":"https:\/\/diarioparanaense.com\/?p=1387"},"modified":"2023-10-18T09:47:49","modified_gmt":"2023-10-18T12:47:49","slug":"lancamento-sem-pai-nem-mae","status":"publish","type":"post","link":"https:\/\/diarioparanaense.com\/?p=1387","title":{"rendered":"LAN\u00c7AMENTO: SEM\u00a0PAI\u00a0NEM\u00a0M\u00c3E"},"content":{"rendered":"\n<blockquote class=\"wp-block-quote is-layout-flow wp-block-quote-is-layout-flow\">\n<p><em>Di\u00e1rio de luto e amor ap\u00f3s perder\u00a0meus\u00a0pais\u00a0para\u00a0o\u00a0c\u00e2ncer\u00a0em\u00a0seis\u00a0meses<\/em><\/p>\n<\/blockquote>\n\n\n\n<p>Encarar&nbsp;a&nbsp;morte&nbsp;de&nbsp;um&nbsp;ente&nbsp;querido&nbsp;\u00e9&nbsp;inevitavelmente&nbsp;algo&nbsp;doloroso.&nbsp;Imagina&nbsp;duas?&nbsp;A&nbsp;dor&nbsp;\u00e9&nbsp;exponencialmente&nbsp;maior&nbsp;quando&nbsp;essas&nbsp;duas&nbsp;pessoas&nbsp;s\u00e3o&nbsp;os&nbsp;seus&nbsp;pais&nbsp;e&nbsp;as&nbsp;perdas&nbsp;acontecem&nbsp;em&nbsp;um&nbsp;curto&nbsp;intervalo&nbsp;de&nbsp;tempo,&nbsp;em&nbsp;meio&nbsp;\u00e0&nbsp;pandemia da Covid-19. Esse relato&nbsp;\u00edntimo e emocionante est\u00e1 no livro&nbsp;<strong>Sem pai<\/strong><strong>&nbsp;nem m\u00e3e (M\u00e1quina de Livros)<\/strong>, da escritora e jornalista Claudia Giudice, que&nbsp;ser\u00e1 lan\u00e7ado em S\u00e3o&nbsp;Paulo&nbsp;no&nbsp;dia&nbsp;5&nbsp;de&nbsp;outubro,&nbsp;na&nbsp;Livraria&nbsp;da&nbsp;Travessa&nbsp;do&nbsp;Shopping&nbsp;Villa Lobos.<\/p>\n\n\n\n<p>Claudia Giudice descobriu simultaneamente que os pais estavam com c\u00e2nceres em est\u00e1gio terminal. Ela transformou esse luto antecipado em um di\u00e1rio, escrito quase em tempo real, que trata das urg\u00eancias, mas tamb\u00e9m dos&nbsp;momentos de felicidade entre a perda de seu pai, Paulo, e de sua m\u00e3e, Marina, num intervalo de apenas seis meses. Com relatos que v\u00e3o do primeiro&nbsp;susto&nbsp;ao&nbsp;\u00faltimo&nbsp;suspiro,&nbsp;passando&nbsp;pelos&nbsp;momentos&nbsp;mais&nbsp;\u00edntimos&nbsp;em&nbsp;casa,&nbsp;no&nbsp;hospital, nas trocas de mensagens com amigos, nos pr\u00f3prios pensamentos,&nbsp;Claudia&nbsp;nos&nbsp;leva,&nbsp;generosamente,&nbsp;por&nbsp;cada&nbsp;passo&nbsp;de&nbsp;uma&nbsp;jornada&nbsp;dura,&nbsp;sens\u00edvel,&nbsp;cheia&nbsp;de&nbsp;afeto,&nbsp;luta&nbsp;pela&nbsp;vida&nbsp;e&nbsp;aprendizado&nbsp;da&nbsp;aceita\u00e7\u00e3o&nbsp;da&nbsp;morte.<\/p>\n\n\n\n<p>Segundo&nbsp;Claudia,&nbsp;<strong>Sem&nbsp;pai&nbsp;nem&nbsp;m\u00e3e&nbsp;<\/strong>nasceu&nbsp;de&nbsp;seu&nbsp;h\u00e1bito,&nbsp;quase&nbsp;v\u00edcio,&nbsp;de&nbsp;&nbsp;escrever&nbsp;sempre&nbsp;que&nbsp;algo&nbsp;lhe&nbsp;aflige&nbsp;ou&nbsp;d\u00f3i&nbsp;muito.<\/p>\n\n\n\n<p><strong>\u2013&nbsp;<\/strong>Escrever&nbsp;\u00e9&nbsp;um&nbsp;jeito&nbsp;de&nbsp;colocar&nbsp;para&nbsp;fora&nbsp;o&nbsp;medo,&nbsp;os&nbsp;fantasmas,&nbsp;a&nbsp;preocupa\u00e7\u00e3o,&nbsp;o&nbsp;sofrer.&nbsp;Em&nbsp;geral,&nbsp;funciona.&nbsp;Dessa&nbsp;vez,&nbsp;serviu&nbsp;de&nbsp;conforto&nbsp;no&nbsp;princ\u00edpio.&nbsp;Mas&nbsp;as&nbsp;dores,&nbsp;a&nbsp;ang\u00fastia&nbsp;e&nbsp;a&nbsp;afli\u00e7\u00e3o&nbsp;foram&nbsp;maiores&nbsp;que&nbsp;o&nbsp;verbo.&nbsp;Calei.&nbsp;Depois&nbsp;que&nbsp;meus&nbsp;pais&nbsp;morreram,&nbsp;fiquei&nbsp;11&nbsp;meses&nbsp;de&nbsp;sil\u00eancio.&nbsp;Precisei&nbsp;de&nbsp;cuidados e&nbsp;muita&nbsp;terapia&nbsp;para&nbsp;voltar&nbsp;ao&nbsp;assunto&nbsp;\u2013&nbsp;conta&nbsp;a&nbsp;autora&nbsp;que&nbsp;depois&nbsp;da&nbsp;morte&nbsp;de Paulo e Marina se mudou para Arembepe, na Bahia, onde atualmente&nbsp;mora&nbsp;de&nbsp;frente&nbsp;para&nbsp;o&nbsp;mar&nbsp;em&nbsp;sua&nbsp;pousada:&nbsp;\u2013&nbsp;Decidi&nbsp;voltar&nbsp;\u00e0&nbsp;escrita&nbsp;porque&nbsp;percebi&nbsp;havia&nbsp;uma&nbsp;grande&nbsp;falta&nbsp;de&nbsp;informa\u00e7\u00e3o&nbsp;sobre&nbsp;essa&nbsp;solid\u00e3o.<\/p>\n\n\n\n<p>Dispon\u00edvel&nbsp;tamb\u00e9m no formato e-book em mais de 20 plataformas digitais,&nbsp;<strong>Sem pai nem m\u00e3e&nbsp;<\/strong>\u00e9 uma narrativa&nbsp;arrebatadora,&nbsp;que&nbsp;transporta&nbsp;o&nbsp;leitor&nbsp;a&nbsp;um&nbsp;lugar&nbsp;ao&nbsp;mesmo&nbsp;tempo&nbsp;inimagin\u00e1vel&nbsp;e&nbsp;absolutamente&nbsp;familiar.&nbsp;Como&nbsp;afirma na apresenta\u00e7\u00e3o Cynthia de Almeida, jornalista e cocriadora do projeto Vamos Falar Sobre o Luto?,&nbsp;o&nbsp;livro&nbsp;\u00e9&nbsp;\u201co&nbsp;tempo&nbsp;todo,&nbsp;uma&nbsp;linda&nbsp;hist\u00f3ria&nbsp;de&nbsp;amor.&nbsp;Que&nbsp;se&nbsp;agiganta&nbsp;perto&nbsp;do&nbsp;fim.&nbsp;E&nbsp;n\u00e3o&nbsp;acaba&nbsp;nunca\u201d.<\/p>\n\n\n\n<p><strong>SOBRE&nbsp;A&nbsp;AUTORA:<\/strong><strong><\/strong><\/p>\n\n\n\n<p>Claudia Giudice \u00e9 m\u00e3e do Chico, filha da Marina e do Paulo. Paulistana, \u00e9 autora do&nbsp;livro \u201cA vida sem crach\u00e1\u201d&nbsp;(Ediouro\/Happer Collins,&nbsp;2015)&nbsp;e&nbsp;coautora&nbsp;de&nbsp;\u201cArembepe,&nbsp;aldeia&nbsp;do&nbsp;mundo\u201d&nbsp;(M\u00e1quina&nbsp;de&nbsp;Livros,&nbsp;2022).&nbsp;Graduada em Jornalismo pela PUC-SP, mestre em Jornalismo Comparado pela ECA-USP,&nbsp;trabalhou como jornalista&nbsp;por&nbsp;30&nbsp;anos.&nbsp;Atualmente,&nbsp;\u00e9&nbsp;empres\u00e1ria&nbsp;e&nbsp;s\u00f3cia-propriet\u00e1ria&nbsp;da&nbsp;pousada&nbsp;A&nbsp;Capela,&nbsp;em&nbsp;Arembepe,&nbsp;na&nbsp;Bahia.FICHA&nbsp;T\u00c9CNICA<\/p>\n\n\n\n<p><strong>T\u00edtulo<\/strong>:&nbsp;Sem&nbsp;pai&nbsp;nem&nbsp;m\u00e3e&nbsp;\u2013 Di\u00e1rio&nbsp;de&nbsp;luto e amor ap\u00f3s perder&nbsp;meus pais&nbsp;para&nbsp;o&nbsp;c\u00e2ncer&nbsp;em&nbsp;seis&nbsp;meses<\/p>\n\n\n\n<p><strong>Autora<\/strong>:&nbsp;Claudia Giudice<\/p>\n\n\n\n<p><strong>Editora<\/strong>:&nbsp;M\u00e1quina&nbsp;de&nbsp;Livros<\/p>\n\n\n\n<p><strong>Pre\u00e7o<\/strong>:&nbsp;R$&nbsp;58&nbsp;(impresso) e&nbsp;R$&nbsp;39&nbsp;(e-book)<\/p>\n\n\n\n<p><strong>P\u00e1ginas<\/strong>:&nbsp;176<\/p>\n","protected":false},"excerpt":{"rendered":"<p>Di\u00e1rio de luto e amor ap\u00f3s perder\u00a0meus\u00a0pais\u00a0para\u00a0o\u00a0c\u00e2ncer\u00a0em\u00a0seis\u00a0meses Encarar&nbsp;a&nbsp;morte&nbsp;de&nbsp;um&nbsp;ente&nbsp;querido&nbsp;\u00e9&nbsp;inevitavelmente&nbsp;algo&nbsp;doloroso.&nbsp;Imagina&nbsp;duas?&nbsp;A&nbsp;dor&nbsp;\u00e9&nbsp;exponencialmente&nbsp;maior&nbsp;quando&nbsp;essas&nbsp;duas&nbsp;pessoas&nbsp;s\u00e3o&nbsp;os&nbsp;seus&nbsp;pais&nbsp;e&nbsp;as&nbsp;perdas&nbsp;acontecem&nbsp;em&nbsp;um&nbsp;curto&nbsp;intervalo&nbsp;de&nbsp;tempo,&nbsp;em&nbsp;meio&nbsp;\u00e0&nbsp;pandemia da Covid-19. Esse relato&nbsp;\u00edntimo e emocionante est\u00e1 no livro&nbsp;Sem pai&nbsp;nem m\u00e3e (M\u00e1quina de Livros), da escritora e jornalista Claudia Giudice, que&nbsp;ser\u00e1 lan\u00e7ado em S\u00e3o&nbsp;Paulo&nbsp;no&nbsp;dia&nbsp;5&nbsp;de&nbsp;outubro,&nbsp;na&nbsp;Livraria&nbsp;da&nbsp;Travessa&nbsp;do&nbsp;Shopping&nbsp;Villa Lobos. Claudia Giudice descobriu simultaneamente que os pais estavam com c\u00e2nceres em est\u00e1gio terminal. Ela transformou esse luto antecipado em um di\u00e1rio, escrito [&hellip;]<\/p>\n","protected":false},"author":1,"featured_media":1388,"comment_status":"open","ping_status":"open","sticky":false,"template":"","format":"standard","meta":{"footnotes":""},"categories":[142],"tags":[365],"class_list":["post-1387","post","type-post","status-publish","format-standard","has-post-thumbnail","hentry","category-literatura","tag-claudia-giudice"],"_links":{"self":[{"href":"https:\/\/diarioparanaense.com\/index.php?rest_route=\/wp\/v2\/posts\/1387","targetHints":{"allow":["GET"]}}],"collection":[{"href":"https:\/\/diarioparanaense.com\/index.php?rest_route=\/wp\/v2\/posts"}],"about":[{"href":"https:\/\/diarioparanaense.com\/index.php?rest_route=\/wp\/v2\/types\/post"}],"author":[{"embeddable":true,"href":"https:\/\/diarioparanaense.com\/index.php?rest_route=\/wp\/v2\/users\/1"}],"replies":[{"embeddable":true,"href":"https:\/\/diarioparanaense.com\/index.php?rest_route=%2Fwp%2Fv2%2Fcomments&post=1387"}],"version-history":[{"count":1,"href":"https:\/\/diarioparanaense.com\/index.php?rest_route=\/wp\/v2\/posts\/1387\/revisions"}],"predecessor-version":[{"id":1389,"href":"https:\/\/diarioparanaense.com\/index.php?rest_route=\/wp\/v2\/posts\/1387\/revisions\/1389"}],"wp:featuredmedia":[{"embeddable":true,"href":"https:\/\/diarioparanaense.com\/index.php?rest_route=\/wp\/v2\/media\/1388"}],"wp:attachment":[{"href":"https:\/\/diarioparanaense.com\/index.php?rest_route=%2Fwp%2Fv2%2Fmedia&parent=1387"}],"wp:term":[{"taxonomy":"category","embeddable":true,"href":"https:\/\/diarioparanaense.com\/index.php?rest_route=%2Fwp%2Fv2%2Fcategories&post=1387"},{"taxonomy":"post_tag","embeddable":true,"href":"https:\/\/diarioparanaense.com\/index.php?rest_route=%2Fwp%2Fv2%2Ftags&post=1387"}],"curies":[{"name":"wp","href":"https:\/\/api.w.org\/{rel}","templated":true}]}}