{"id":1373,"date":"2023-10-16T13:53:27","date_gmt":"2023-10-16T16:53:27","guid":{"rendered":"https:\/\/diarioparanaense.com\/?p=1373"},"modified":"2023-10-16T13:53:27","modified_gmt":"2023-10-16T16:53:27","slug":"conheca-os-beneficios-tributarios-destinados-a-contribuintes-empresariais","status":"publish","type":"post","link":"https:\/\/diarioparanaense.com\/?p=1373","title":{"rendered":"Conhe\u00e7a os benef\u00edcios tribut\u00e1rios destinados a contribuintes empresariais"},"content":{"rendered":"\n<blockquote class=\"wp-block-quote is-layout-flow wp-block-quote-is-layout-flow\">\n<p>*Por Regiane Esturilio<\/p>\n<\/blockquote>\n\n\n\n<p>Para viabilizar regularidade fiscal aos contribuintes e aumentar a arrecada\u00e7\u00e3o, a Lei n\u00ba&nbsp;13.988\/2020 veio regulamentar o instituto da transa\u00e7\u00e3o, indicando os requisitos e condi\u00e7\u00f5es para que a Uni\u00e3o, suas autarquias e funda\u00e7\u00f5es encerrem, amigavelmente, a cobran\u00e7a de cr\u00e9ditos da Fazenda P\u00fablica, de natureza tribut\u00e1ria ou n\u00e3o.<\/p>\n\n\n\n<p>Empresas de m\u00e9dio e grande porte, com d\u00edvidas superiores a dez milh\u00f5es de reais, j\u00e1 podem se beneficiar da Lei, seja em casos de cr\u00e9ditos tribut\u00e1rios inscritos em d\u00edvida ativa ou os&nbsp;<strong>que se encontram na fase de contencioso administrativo fiscal<\/strong>.<\/p>\n\n\n\n<p>Em 2022, a Lei n\u00ba&nbsp;13.988\/2020 foi aprimorada pela Lei n. 14.375\/2022, que trouxe altera\u00e7\u00f5es vantajosas e significativas para fisco e contribuinte. Entre elas, o aumento dos descontos\/redu\u00e7\u00f5es, que antes eram de at\u00e9 50% e agora passaram a ser de at\u00e9 65% sobre o valor total a ser negociado; os prazos de pagamento, que antes eram de at\u00e9 84 meses e aumentaram para at\u00e9 120 meses; a utiliza\u00e7\u00e3o de preju\u00edzos fiscais de IRPJ e base negativa de CSLL acumulados para amortiza\u00e7\u00e3o de d\u00edvidas, desde que respeitado o limite de at\u00e9 70% do saldo remanescente ap\u00f3s a incid\u00eancia dos descontos; &nbsp;d\u00e9bitos n\u00e3o inscritos em d\u00edvida ativa tamb\u00e9m poder\u00e3o ser transacionados.<\/p>\n\n\n\n<p>&nbsp;A utiliza\u00e7\u00e3o de precat\u00f3rios ou cr\u00e9ditos com senten\u00e7a transitada em julgado para a amortiza\u00e7\u00e3o de d\u00edvidas tamb\u00e9m est\u00e1 entre as novidades.<\/p>\n\n\n\n<p>Importante ressaltar que parcelamentos anteriores, ativos e em dia, tamb\u00e9m poder\u00e3o ser migrados para a transa\u00e7\u00e3o, mantidos os benef\u00edcios anteriormente concedidos, vedada apenas a cumula\u00e7\u00e3o das redu\u00e7\u00f5es.<\/p>\n\n\n\n<p>A transa\u00e7\u00e3o tribut\u00e1ria pode ser proposta por contribuintes falidos, em recupera\u00e7\u00e3o, liquida\u00e7\u00e3o ou interven\u00e7\u00e3o judicial ou extrajudicial, e abrange autarquias, funda\u00e7\u00f5es e empresas p\u00fablicas federais, Estados, Distrito Federal e Munic\u00edpios, assim como as respectivas entidades de direito ao p\u00fablico da administra\u00e7\u00e3o direta.<\/p>\n\n\n\n<p>Para d\u00edvidas inferiores a 10 milh\u00f5es de reais tamb\u00e9m h\u00e1 modalidades de transa\u00e7\u00e3o, mas elas somente podem ser aderidas (sem proposta personalizada). Nesta faixa, at\u00e9 microempreendedores individuais (MEI) poder\u00e3o negociar at\u00e9 70% do saldo devedor, com pagamentos em at\u00e9 60 meses.<\/p>\n\n\n\n<p>Em todos os casos, h\u00e1 que se observar, cumprir e se planejar em rela\u00e7\u00e3o aos procedimentos para a celebra\u00e7\u00e3o a transa\u00e7\u00e3o, bem assim \u00e0 capacidade de pagamento, e para isso \u00e9 indispens\u00e1vel a presen\u00e7a de profissionais especializados e atuantes na \u00e1rea tribut\u00e1ria, inclusive contencioso, e fiscal.<\/p>\n\n\n\n<p>N\u00e3o apenas para contribuintes que buscam se reestabelecer ap\u00f3s a crise sanit\u00e1ria e pand\u00eamica, mas para aqueles que precisam investir e crescer, a situa\u00e7\u00e3o de regularidade fiscal \u00e9 indispens\u00e1vel, e abre as portas ao cr\u00e9dito e a outros neg\u00f3cios.<\/p>\n\n\n\n<p>A transa\u00e7\u00e3o tribut\u00e1ria \u00e9 um \u00f3timo recurso para preservar e melhorar as condi\u00e7\u00f5es e retornos na atividade empresarial.<\/p>\n\n\n\n<p><em>*Regiane Esturilio \u00e9 advogada e administradora&nbsp;de&nbsp;empresas, s\u00f3cia fundadora do escrit\u00f3rio Esturilio Advogados, mestre em Direito Econ\u00f4mico e Social &#8211;&nbsp;Tribut\u00e1rio.&nbsp;<\/em><\/p>\n","protected":false},"excerpt":{"rendered":"<p>*Por Regiane Esturilio Para viabilizar regularidade fiscal aos contribuintes e aumentar a arrecada\u00e7\u00e3o, a Lei n\u00ba&nbsp;13.988\/2020 veio regulamentar o instituto da transa\u00e7\u00e3o, indicando os requisitos e condi\u00e7\u00f5es para que a Uni\u00e3o, suas autarquias e funda\u00e7\u00f5es encerrem, amigavelmente, a cobran\u00e7a de cr\u00e9ditos da Fazenda P\u00fablica, de natureza tribut\u00e1ria ou n\u00e3o. Empresas de m\u00e9dio e grande porte, [&hellip;]<\/p>\n","protected":false},"author":1,"featured_media":1375,"comment_status":"open","ping_status":"open","sticky":false,"template":"","format":"standard","meta":{"footnotes":""},"categories":[29,324],"tags":[37],"class_list":["post-1373","post","type-post","status-publish","format-standard","has-post-thumbnail","hentry","category-artigos","category-negocios","tag-regiane-esturilio"],"_links":{"self":[{"href":"https:\/\/diarioparanaense.com\/index.php?rest_route=\/wp\/v2\/posts\/1373","targetHints":{"allow":["GET"]}}],"collection":[{"href":"https:\/\/diarioparanaense.com\/index.php?rest_route=\/wp\/v2\/posts"}],"about":[{"href":"https:\/\/diarioparanaense.com\/index.php?rest_route=\/wp\/v2\/types\/post"}],"author":[{"embeddable":true,"href":"https:\/\/diarioparanaense.com\/index.php?rest_route=\/wp\/v2\/users\/1"}],"replies":[{"embeddable":true,"href":"https:\/\/diarioparanaense.com\/index.php?rest_route=%2Fwp%2Fv2%2Fcomments&post=1373"}],"version-history":[{"count":1,"href":"https:\/\/diarioparanaense.com\/index.php?rest_route=\/wp\/v2\/posts\/1373\/revisions"}],"predecessor-version":[{"id":1376,"href":"https:\/\/diarioparanaense.com\/index.php?rest_route=\/wp\/v2\/posts\/1373\/revisions\/1376"}],"wp:featuredmedia":[{"embeddable":true,"href":"https:\/\/diarioparanaense.com\/index.php?rest_route=\/wp\/v2\/media\/1375"}],"wp:attachment":[{"href":"https:\/\/diarioparanaense.com\/index.php?rest_route=%2Fwp%2Fv2%2Fmedia&parent=1373"}],"wp:term":[{"taxonomy":"category","embeddable":true,"href":"https:\/\/diarioparanaense.com\/index.php?rest_route=%2Fwp%2Fv2%2Fcategories&post=1373"},{"taxonomy":"post_tag","embeddable":true,"href":"https:\/\/diarioparanaense.com\/index.php?rest_route=%2Fwp%2Fv2%2Ftags&post=1373"}],"curies":[{"name":"wp","href":"https:\/\/api.w.org\/{rel}","templated":true}]}}