{"id":1370,"date":"2023-10-16T10:34:51","date_gmt":"2023-10-16T13:34:51","guid":{"rendered":"https:\/\/diarioparanaense.com\/?p=1370"},"modified":"2023-10-16T10:34:52","modified_gmt":"2023-10-16T13:34:52","slug":"bar-do-alemao-promove-noite-tipica-com-verba-revertida-para-hospital","status":"publish","type":"post","link":"https:\/\/diarioparanaense.com\/?p=1370","title":{"rendered":"Bar do Alem\u00e3o promove noite t\u00edpica com verba revertida para hospital"},"content":{"rendered":"\n<blockquote class=\"wp-block-quote is-layout-flow wp-block-quote-is-layout-flow\">\n<blockquote class=\"wp-block-quote is-layout-flow wp-block-quote-is-layout-flow\">\n<p>Toda a verba ser\u00e1 destinada ao Hospital Victor Ferreira do Amaral<\/p>\n<\/blockquote>\n<\/blockquote>\n\n\n\n<p>No dia 25 de outubro, o Bar do Alem\u00e3o promove a Noite Alem\u00e3 dos Amigos do HC. O evento tem como objetivo arrecadar fundos para a revitaliza\u00e7\u00e3o do Hospital Victor Ferreira do Amaral, especializado na sa\u00fade da mulher, que j\u00e1 est\u00e1 em obras.<\/p>\n\n\n\n<p>O bar preparou um buffet completo com a gastronomia alem\u00e3. Al\u00e9m dos famosos joelho de porco (eisbein) e chucrute, os convidados encontrar\u00e3o tamb\u00e9m mesas de frios e antepastos, salada de folhas, carne de on\u00e7a, lingui\u00e7a bock e brastwurst, batatas, peixe, frango e carne bovina.<\/p>\n\n\n\n<p>Al\u00e9m do valor dos convites para o jantar, parte do valor da venda de sobremesas e do chopp submarino, que ter\u00e1 de brinde uma canequinha exclusiva do evento, tamb\u00e9m ser\u00e1 revertido aos Amigos do HC.<\/p>\n\n\n\n<p>O evento ter\u00e1 in\u00edcio \u00e0s 19h30 com buffet livre servido das 20h \u00e0s 22h, no Bar do Alem\u00e3o, no Largo da Ordem. O valor do ingresso \u00e9 R$109,00 por pessoa podendo ser parcelado em at\u00e9 3 vezes e n\u00e3o inclui bebidas e sobremesas.<\/p>\n\n\n\n<p>O Bar do Alem\u00e3o \u00e9 um dos mais tradicionais da cidade e fica no Largo da Ordem, ao lado do Memorial de Curitiba.<\/p>\n\n\n\n<p>O convite pode ser adquirido pelo sie: <a href=\"https:\/\/www.aahcshopping.com.br\/produtos\/noite-alema\/\">https:\/\/www.aahcshopping.com.br\/produtos\/noite-alema\/<\/a><\/p>\n\n\n\n<p><strong>Servi\u00e7o<\/strong>:<br><strong>Noite Alem\u00e3 dos Amigos do HC<br>Local<\/strong>: Bar do Alem\u00e3o<br><strong>Data<\/strong>: 25 de outubro<br><strong>Hor\u00e1rio<\/strong>: 19:30h<br><strong>Endere\u00e7o<\/strong>: Rua Dr. Claudino dos Santos, 63 &#8211; S\u00e3o Francisco &#8211; Curitiba<br><strong>Valor por pessoa<\/strong>: R$109,00<br>Site: <a href=\"https:\/\/www.aahcshopping.com.br\/produtos\/noite-alema\/\">https:\/\/www.aahcshopping.com.br\/produtos\/noite-alema\/<\/a><\/p>\n","protected":false},"excerpt":{"rendered":"<p>No dia 25 de outubro, o Bar do Alem\u00e3o promove a Noite Alem\u00e3 dos Amigos do HC. O evento tem como objetivo arrecadar fundos para a revitaliza\u00e7\u00e3o do Hospital Victor Ferreira do Amaral, especializado na sa\u00fade da mulher, que j\u00e1 est\u00e1 em obras. O bar preparou um buffet completo com a gastronomia alem\u00e3. Al\u00e9m dos [&hellip;]<\/p>\n","protected":false},"author":1,"featured_media":1371,"comment_status":"open","ping_status":"open","sticky":false,"template":"","format":"standard","meta":{"footnotes":""},"categories":[186],"tags":[361,360],"class_list":["post-1370","post","type-post","status-publish","format-standard","has-post-thumbnail","hentry","category-eventos","tag-aahc","tag-bar-do-alemao"],"_links":{"self":[{"href":"https:\/\/diarioparanaense.com\/index.php?rest_route=\/wp\/v2\/posts\/1370","targetHints":{"allow":["GET"]}}],"collection":[{"href":"https:\/\/diarioparanaense.com\/index.php?rest_route=\/wp\/v2\/posts"}],"about":[{"href":"https:\/\/diarioparanaense.com\/index.php?rest_route=\/wp\/v2\/types\/post"}],"author":[{"embeddable":true,"href":"https:\/\/diarioparanaense.com\/index.php?rest_route=\/wp\/v2\/users\/1"}],"replies":[{"embeddable":true,"href":"https:\/\/diarioparanaense.com\/index.php?rest_route=%2Fwp%2Fv2%2Fcomments&post=1370"}],"version-history":[{"count":1,"href":"https:\/\/diarioparanaense.com\/index.php?rest_route=\/wp\/v2\/posts\/1370\/revisions"}],"predecessor-version":[{"id":1372,"href":"https:\/\/diarioparanaense.com\/index.php?rest_route=\/wp\/v2\/posts\/1370\/revisions\/1372"}],"wp:featuredmedia":[{"embeddable":true,"href":"https:\/\/diarioparanaense.com\/index.php?rest_route=\/wp\/v2\/media\/1371"}],"wp:attachment":[{"href":"https:\/\/diarioparanaense.com\/index.php?rest_route=%2Fwp%2Fv2%2Fmedia&parent=1370"}],"wp:term":[{"taxonomy":"category","embeddable":true,"href":"https:\/\/diarioparanaense.com\/index.php?rest_route=%2Fwp%2Fv2%2Fcategories&post=1370"},{"taxonomy":"post_tag","embeddable":true,"href":"https:\/\/diarioparanaense.com\/index.php?rest_route=%2Fwp%2Fv2%2Ftags&post=1370"}],"curies":[{"name":"wp","href":"https:\/\/api.w.org\/{rel}","templated":true}]}}