{"id":1367,"date":"2023-10-11T10:35:19","date_gmt":"2023-10-11T13:35:19","guid":{"rendered":"https:\/\/diarioparanaense.com\/?p=1367"},"modified":"2023-10-11T10:35:19","modified_gmt":"2023-10-11T13:35:19","slug":"fazenda-rio-grande-crescimento-economico-com-valorizacao-imobiliaria-e-plano-diretor-integrado","status":"publish","type":"post","link":"https:\/\/diarioparanaense.com\/?p=1367","title":{"rendered":"Fazenda Rio Grande: crescimento econ\u00f4mico com valoriza\u00e7\u00e3o imobili\u00e1ria e Plano Diretor Integrado"},"content":{"rendered":"\n<blockquote class=\"wp-block-quote is-layout-flow wp-block-quote-is-layout-flow\">\n<p>Cidade da Regi\u00e3o Metropolitana de Curitiba se tornou uma alternativa atraente para muitas pessoas que buscam op\u00e7\u00f5es de moradia e neg\u00f3cios<\/p>\n<\/blockquote>\n\n\n\n<p>O munic\u00edpio de Fazenda Rio Grande vive um not\u00e1vel crescimento econ\u00f4mico e populacional, impulsionado principalmente pela grande oferta de boas oportunidades imobili\u00e1rias. Nos \u00faltimos anos, a cidade da Regi\u00e3o Metropolitana de Curitiba se tornou uma alternativa atraente para quem busca qualidade de vida em um munic\u00edpio vizinho \u00e0 capital, que oferece \u00f3tima estrutura vi\u00e1ria e tem grandes ind\u00fastrias com boa oferta de m\u00e3o-de-obra instaladas em seu territ\u00f3rio. Essa combina\u00e7\u00e3o tem contribu\u00eddo para o r\u00e1pido desenvolvimento de Fazenda Rio Grande, que se reflete nos n\u00fameros de crescimento e na valoriza\u00e7\u00e3o imobili\u00e1ria.<\/p>\n\n\n\n<p>Jean Carlos Gonchorovski, diretor executivo Route Imobili\u00e1ria Corporativa, empresa especializada em im\u00f3veis estrat\u00e9gicos para empresas e investidores, enfatiza o compromisso da cidade em criar um ambiente prop\u00edcio para o empreendedorismo e neg\u00f3cios, impulsionando o crescimento sustent\u00e1vel da regi\u00e3o. &#8220;Fazenda Rio Grande est\u00e1 em um trajeto de crescimento promissor e n\u00f3s, do setor privado, estamos comprometidos em aproveitar ao m\u00e1ximo as oportunidades que surgirem a partir deste avan\u00e7o&#8221;, destaca.<\/p>\n\n\n\n<p>O aumento populacional da cidade, medido em 82,27% desde 2010, de acordo com o Censo 2022, reflete a busca das pessoas por uma alternativa de vida mais acess\u00edvel e atraente, o que consequentemente ativa o ambiente de neg\u00f3cios de todas as esferas. Atualmente, Fazenda Rio Grande conta com uma popula\u00e7\u00e3o de 148.873 habitantes.<\/p>\n\n\n\n<p>Esse crescimento tamb\u00e9m se traduz em um aumento no coeficiente que determina a distribui\u00e7\u00e3o do Fundo de Participa\u00e7\u00e3o dos Munic\u00edpios (FPM), resultando em recursos adicionais que podem ser direcionados para investimentos nas diversas \u00e1reas necess\u00e1rias para o desenvolvimento sustent\u00e1vel da cidade.<\/p>\n\n\n\n<p>Plano Diretor Integrado<\/p>\n\n\n\n<p>Com um Plano Diretor bem estruturado, planejado com o aux\u00edlio da comunidade local, a cidade se v\u00ea pronta para esse crescimento. \u201cEnxergamos uma cidade de neg\u00f3cios, empreendedora e pronta para receber novos habitantes de forma ordenada e em ritmo de expans\u00e3o\u201d, acrescenta Gast\u00e3o Gonchorovski, presidente do PROFAZ, o Conselho de Desenvolvimento Econ\u00f4mico do Munic\u00edpio, organiza\u00e7\u00e3o que est\u00e1 construindo uma vis\u00e3o de futuro at\u00e9 2040 na cidade.<\/p>\n\n\n\n<p>A chegada de grandes ind\u00fastrias contribuiu para a vinda de muitos novos habitantes nos \u00faltimos anos, o que fortaleceu o com\u00e9rcio do Eixo Sul Metropolitano, regi\u00e3o na qual Fazenda Rio Grande est\u00e1 inserida. \u201cS\u00e3o muitos fatores que atraem a popula\u00e7\u00e3o para c\u00e1, como a quest\u00e3o espacial, o fato de sermos um munic\u00edpio jovem, com cerca de 30 anos de emancipa\u00e7\u00e3o e a liga\u00e7\u00e3o facilitada da capital com o Eixo Sul pelas v\u00e1rias rodovias que est\u00e3o nas proximidades\u201d, explica o presidente do PROFAZ.<\/p>\n\n\n\n<p>Com novos moradores, a cidade inicia um movimento natural de verticaliza\u00e7\u00e3o, vendo surgir uma nova estrutura de investimentos. \u201cGrandes torres de edif\u00edcios v\u00e3o tomar conta da cidade muito em breve, gerando empregos e movimentando as ind\u00fastrias de servi\u00e7os e da constru\u00e7\u00e3o civil, o que transformar\u00e1 Fazenda Rio Grande em um hub comercial do Eixo Sul metropolitano\u201d, acredita Gonchorovski.<\/p>\n\n\n\n<p>Outro trunfo urban\u00edstico \u00e9 que Fazenda Rio Grande j\u00e1 tem em seu territ\u00f3rio o novo vetor de desenvolvimento do munic\u00edpio, a rodovia federal BR-116, prevista para se tornar uma extens\u00e3o natural da Linha Verde. O Plano Diretor do munic\u00edpio antecipa uma s\u00e9rie de transposi\u00e7\u00f5es para a rodovia, integrando a BR-116 ao plano urban\u00edstico da cidade. Desse modo, a rodovia se transforma em uma grande avenida, gerando mais conex\u00e3o urbana dentro&nbsp;do&nbsp;munic\u00edpio.<\/p>\n","protected":false},"excerpt":{"rendered":"<p>Cidade da Regi\u00e3o Metropolitana de Curitiba se tornou uma alternativa atraente para muitas pessoas que buscam op\u00e7\u00f5es de moradia e neg\u00f3cios O munic\u00edpio de Fazenda Rio Grande vive um not\u00e1vel crescimento econ\u00f4mico e populacional, impulsionado principalmente pela grande oferta de boas oportunidades imobili\u00e1rias. Nos \u00faltimos anos, a cidade da Regi\u00e3o Metropolitana de Curitiba se tornou [&hellip;]<\/p>\n","protected":false},"author":1,"featured_media":1368,"comment_status":"open","ping_status":"open","sticky":false,"template":"","format":"standard","meta":{"footnotes":""},"categories":[324],"tags":[285,359],"class_list":["post-1367","post","type-post","status-publish","format-standard","has-post-thumbnail","hentry","category-negocios","tag-jean-carlos-gonchorovski","tag-route-imobiliaria-corporativa"],"_links":{"self":[{"href":"https:\/\/diarioparanaense.com\/index.php?rest_route=\/wp\/v2\/posts\/1367","targetHints":{"allow":["GET"]}}],"collection":[{"href":"https:\/\/diarioparanaense.com\/index.php?rest_route=\/wp\/v2\/posts"}],"about":[{"href":"https:\/\/diarioparanaense.com\/index.php?rest_route=\/wp\/v2\/types\/post"}],"author":[{"embeddable":true,"href":"https:\/\/diarioparanaense.com\/index.php?rest_route=\/wp\/v2\/users\/1"}],"replies":[{"embeddable":true,"href":"https:\/\/diarioparanaense.com\/index.php?rest_route=%2Fwp%2Fv2%2Fcomments&post=1367"}],"version-history":[{"count":1,"href":"https:\/\/diarioparanaense.com\/index.php?rest_route=\/wp\/v2\/posts\/1367\/revisions"}],"predecessor-version":[{"id":1369,"href":"https:\/\/diarioparanaense.com\/index.php?rest_route=\/wp\/v2\/posts\/1367\/revisions\/1369"}],"wp:featuredmedia":[{"embeddable":true,"href":"https:\/\/diarioparanaense.com\/index.php?rest_route=\/wp\/v2\/media\/1368"}],"wp:attachment":[{"href":"https:\/\/diarioparanaense.com\/index.php?rest_route=%2Fwp%2Fv2%2Fmedia&parent=1367"}],"wp:term":[{"taxonomy":"category","embeddable":true,"href":"https:\/\/diarioparanaense.com\/index.php?rest_route=%2Fwp%2Fv2%2Fcategories&post=1367"},{"taxonomy":"post_tag","embeddable":true,"href":"https:\/\/diarioparanaense.com\/index.php?rest_route=%2Fwp%2Fv2%2Ftags&post=1367"}],"curies":[{"name":"wp","href":"https:\/\/api.w.org\/{rel}","templated":true}]}}