{"id":1364,"date":"2023-10-10T14:02:41","date_gmt":"2023-10-10T17:02:41","guid":{"rendered":"https:\/\/diarioparanaense.com\/?p=1364"},"modified":"2023-10-10T14:02:41","modified_gmt":"2023-10-10T17:02:41","slug":"outubro-rosa-amigos-do-hc-promovem-campanha-de-arrecadacao-e-fazem-doacao-de-perucas","status":"publish","type":"post","link":"https:\/\/diarioparanaense.com\/?p=1364","title":{"rendered":"Outubro Rosa: Amigos do HC promovem campanha de arrecada\u00e7\u00e3o e fazem doa\u00e7\u00e3o de perucas"},"content":{"rendered":"\n<p class=\"has-medium-font-size\">Durante todo o m\u00eas ser\u00e1 poss\u00edvel participar da campanha atrav\u00e9s de doa\u00e7\u00f5es ou compras em lojas parceiras<\/p>\n\n\n\n<p>O Outubro Rosa, um movimento internacional criado no in\u00edcio da d\u00e9cada de 1990 pela Funda\u00e7\u00e3o Susan G. Komen for the Cure e que tem como s\u00edmbolo o la\u00e7o cor-de-rosa, ser\u00e1 celebrado mais uma vez pela Associa\u00e7\u00e3o dos Amigos do HC em 2023. Neste ano, o objetivo da campanha \u00e9 compartilhar e promover a conscientiza\u00e7\u00e3o sobre o c\u00e2ncer de mama, doen\u00e7a que mais acomete mulheres em todo o mundo, tanto em pa\u00edses em desenvolvimento quanto nos desenvolvidos.<\/p>\n\n\n\n<p>Para o Brasil, foram estimados 73.610 novos casos de c\u00e2ncer de mama para 2023, com um risco aproximado de 66,54 casos a cada 100 mil mulheres. O c\u00e2ncer de mama tamb\u00e9m ocupa a primeira posi\u00e7\u00e3o em mortalidade por c\u00e2ncer entre as mulheres no Brasil, com as maiores taxas de incid\u00eancia e de mortalidade nas regi\u00f5es Sul e Sudeste do pa\u00eds.<\/p>\n\n\n\n<p>Apesar de os Amigos do HC atuarem na causa o ano todo, \u00e9 no m\u00eas de outubro que a campanha ganha for\u00e7a. O Projeto \u201cCabelo Amigo dos Amigos do HC\u201d recebe doa\u00e7\u00f5es de cabelos que s\u00e3o transformadas em perucas pelas m\u00e3os de volunt\u00e1rios. As perucas, que desempenham um papel fundamental oferecendo \u00e0s pacientes um impulso emocional e incentivo \u00e0 continua\u00e7\u00e3o do tratamento, s\u00e3o doadas para pessoas em tratamento oncol\u00f3gico ou outra doen\u00e7a que cause a perda de cabelo. Basta apresentar documento com foto, comprovante de endere\u00e7o, carteirinha do SUS e comprovante m\u00e9dico.<\/p>\n\n\n\n<p>Para quem deseja doar os cabelos haver\u00e1 espa\u00e7o exclusivo no Shopping Esta\u00e7\u00e3o com um ponto de coleta. J\u00e1 para quem tiver interesse em doar na hora, ser\u00e1 poss\u00edvel fazer o corte no local, gratuitamente, com os profissionais do SENAC. O espa\u00e7o de cortes funcionar\u00e1 no piso L1, todas as quartas, das 14h \u00e0s 17h e aos s\u00e1bados, das 15h \u00e0s 18h.<\/p>\n\n\n\n<p>Al\u00e9m disso, a Associa\u00e7\u00e3o dos Amigos do HC estar\u00e1 presente no Shopping Esta\u00e7\u00e3o com venda de ingressos para eventos e produtos, com a finalidade de arrecadar fundos para a revitaliza\u00e7\u00e3o do Hospital Victor Ferreira do Amaral.<\/p>\n\n\n\n<p>Durante todo o m\u00eas de outubro tamb\u00e9m \u00e9 poss\u00edvel participar da campanha por meio de compras de produtos nas lojas parceiras da Associa\u00e7\u00e3o.<\/p>\n\n\n\n<p class=\"has-medium-font-size\">Lojas parceira<\/p>\n\n\n\n<p>Al\u00e9m do Shopping Esta\u00e7\u00e3o algumas lojas est\u00e3o unidas aos Amigos do HC na campanha:<\/p>\n\n\n\n<p>Recco Lingerie &#8211; 100% do lucro das vendas dos suti\u00e3s ser\u00e1 destinado \u00e0 campanha de revitaliza\u00e7\u00e3o do Hospital Victor Ferreira do Amaral.<\/p>\n\n\n\n<p>Dark Sugar &#8211; Todas as unidades da Dark Sugar reverter\u00e3o R$2,00 da venda dos donuts que tiverem um la\u00e7o rosa durante o m\u00eas de outubro para a campanha.<\/p>\n\n\n\n<p>Tutu Sapatilhas &#8211; 10% da venda das sapatilhas cor de rosa ser\u00e3o revertidos para a campanha.<\/p>\n\n\n\n<p>Mondelez &#8211; Receber\u00e3o doa\u00e7\u00f5es de len\u00e7os e de cabelo entre os colaboradores.<\/p>\n\n\n\n<p class=\"has-medium-font-size\">Servi\u00e7o:<\/p>\n\n\n\n<p><strong>Outubro Rosa &#8211; Doa\u00e7\u00e3o de Cabelos ao Amigos do HC<br>Local<\/strong>: Shopping Esta\u00e7\u00e3o &#8211; piso L1<br><strong>End<\/strong>: Av. Sete de Setembro, 2775<br><strong>Data<\/strong>: todo o m\u00eas de outubro<br><strong>Cortes<\/strong>: Quartas, das 14h \u00e0s 17h e s\u00e1bados, das 15h \u00e0s 18h.<br><strong>Site<\/strong>: <a href=\"https:\/\/www.amigosdohc.org.br\/project\/doacao-de-cabelo\/\">https:\/\/www.amigosdohc.org.br\/project\/doacao-de-cabelo\/<\/a><\/p>\n\n\n\n<p><em><strong>Imagem cr\u00e9dito:\u00a0Vit\u00f3ria\u00a0Peluso<\/strong><\/em><\/p>\n","protected":false},"excerpt":{"rendered":"<p>Durante todo o m\u00eas ser\u00e1 poss\u00edvel participar da campanha atrav\u00e9s de doa\u00e7\u00f5es ou compras em lojas parceiras O Outubro Rosa, um movimento internacional criado no in\u00edcio da d\u00e9cada de 1990 pela Funda\u00e7\u00e3o Susan G. Komen for the Cure e que tem como s\u00edmbolo o la\u00e7o cor-de-rosa, ser\u00e1 celebrado mais uma vez pela Associa\u00e7\u00e3o dos Amigos [&hellip;]<\/p>\n","protected":false},"author":1,"featured_media":1365,"comment_status":"open","ping_status":"open","sticky":false,"template":"","format":"standard","meta":{"footnotes":""},"categories":[186,164],"tags":[325],"class_list":["post-1364","post","type-post","status-publish","format-standard","has-post-thumbnail","hentry","category-eventos","category-saude-2","tag-amigos-do-hc"],"_links":{"self":[{"href":"https:\/\/diarioparanaense.com\/index.php?rest_route=\/wp\/v2\/posts\/1364","targetHints":{"allow":["GET"]}}],"collection":[{"href":"https:\/\/diarioparanaense.com\/index.php?rest_route=\/wp\/v2\/posts"}],"about":[{"href":"https:\/\/diarioparanaense.com\/index.php?rest_route=\/wp\/v2\/types\/post"}],"author":[{"embeddable":true,"href":"https:\/\/diarioparanaense.com\/index.php?rest_route=\/wp\/v2\/users\/1"}],"replies":[{"embeddable":true,"href":"https:\/\/diarioparanaense.com\/index.php?rest_route=%2Fwp%2Fv2%2Fcomments&post=1364"}],"version-history":[{"count":1,"href":"https:\/\/diarioparanaense.com\/index.php?rest_route=\/wp\/v2\/posts\/1364\/revisions"}],"predecessor-version":[{"id":1366,"href":"https:\/\/diarioparanaense.com\/index.php?rest_route=\/wp\/v2\/posts\/1364\/revisions\/1366"}],"wp:featuredmedia":[{"embeddable":true,"href":"https:\/\/diarioparanaense.com\/index.php?rest_route=\/wp\/v2\/media\/1365"}],"wp:attachment":[{"href":"https:\/\/diarioparanaense.com\/index.php?rest_route=%2Fwp%2Fv2%2Fmedia&parent=1364"}],"wp:term":[{"taxonomy":"category","embeddable":true,"href":"https:\/\/diarioparanaense.com\/index.php?rest_route=%2Fwp%2Fv2%2Fcategories&post=1364"},{"taxonomy":"post_tag","embeddable":true,"href":"https:\/\/diarioparanaense.com\/index.php?rest_route=%2Fwp%2Fv2%2Ftags&post=1364"}],"curies":[{"name":"wp","href":"https:\/\/api.w.org\/{rel}","templated":true}]}}