{"id":1358,"date":"2023-10-09T13:05:05","date_gmt":"2023-10-09T16:05:05","guid":{"rendered":"https:\/\/diarioparanaense.com\/?p=1358"},"modified":"2023-10-09T13:05:05","modified_gmt":"2023-10-09T16:05:05","slug":"exposicao-fotografica-retrata-mulheres-que-enfrentam-o-cancer-de-mama","status":"publish","type":"post","link":"https:\/\/diarioparanaense.com\/?p=1358","title":{"rendered":"Exposi\u00e7\u00e3o fotogr\u00e1fica retrata mulheres que enfrentam o c\u00e2ncer de mama"},"content":{"rendered":"\n<p class=\"has-medium-font-size\"><em>Trabalho art\u00edstico exp\u00f5e sensivelmente a trajet\u00f3ria, intimidade e os desafios de quem convive com a doen\u00e7a<\/em><\/p>\n\n\n\n<p>Retratos de mulheres que enfrentam o diagn\u00f3stico de c\u00e2ncer de mama fazem parte da exposi\u00e7\u00e3o \u201cRosa pela vida\u201d, que segue em temporada at\u00e9 27 de outubro. Idealizada pela fot\u00f3grafa Lou Bueno e produ\u00e7\u00e3o de Dryka Bueno, o trabalho \u00e9 inspirado na for\u00e7a e coragem das protagonistas das hist\u00f3rias registradas em fotografia, revelando artisticamente os desafios f\u00edsicos e emocionais de quem convive com a doen\u00e7a:<\/p>\n\n\n\n<p>\u201cA perda de pessoas pr\u00f3ximas devido ao c\u00e2ncer de mama, me fez perceber a import\u00e2ncia cr\u00edtica da conscientiza\u00e7\u00e3o, preven\u00e7\u00e3o e apoio emocional \u00e0s mulheres que passam por esse desafio. As experi\u00eancias pessoais de cada uma delas, serviram como um catalisador na busca de maneiras de contribuir significativamente para a causa.\u201d, afirma Bueno.<\/p>\n\n\n\n<p>Diagnosticada com c\u00e2ncer de mama em mar\u00e7o desse ano, Luana da Silva Rocha, de 34 anos, conta a sua luta em enfrentar a doen\u00e7a:<\/p>\n\n\n\n<p>\u201cOs maiores desafios s\u00e3o lidar com os efeitos colaterais do tratamento, a burocracia dos planos de sa\u00fade e, principalmente, o medo da evolu\u00e7\u00e3o da doen\u00e7a, uma vez que descobri uma met\u00e1stase no f\u00edgado.\u201d, afirma.<\/p>\n\n\n\n<p>Luana ainda exp\u00f5e como descobriu que estava com c\u00e2ncer: \u201cEu comecei a sentir uma queima\u00e7\u00e3o na mama direita, mas, como eu amamentava, pensei ser algo relacionado a isso. Por\u00e9m, em um autoexame, senti um n\u00f3dulo diferente, marquei m\u00e9dico, e as caracter\u00edsticas pelo exame cl\u00ednico n\u00e3o era de nada suspeito. Em dezembro de 2022, comecei tamb\u00e9m a sentir dor abdominal e, ao fazer tomografias, obtive o assustador diagn\u00f3stico.\u201d, destaca.<\/p>\n\n\n\n<p>Em um pa\u00eds com uma incid\u00eancia ascendente do c\u00e2ncer de mama, o \u201cRosa Pela Vida&#8221; quer chamar a aten\u00e7\u00e3o para a import\u00e2ncia da conscientiza\u00e7\u00e3o como ferramenta de preven\u00e7\u00e3o para um diagn\u00f3stico precoce. O empoderamento feminino e a cria\u00e7\u00e3o de uma rede de apoio m\u00fatuo promovem n\u00e3o apenas a sa\u00fade f\u00edsica, mas tamb\u00e9m o bem-estar emocional das mulheres que passam pela situa\u00e7\u00e3o:<\/p>\n\n\n\n<p>\u201cO maior desafio, para mim \u00e9 o emocional, pois traz medo, d\u00favidas e mudan\u00e7as f\u00edsicas. Quando eu soube que estava com c\u00e2ncer de mama, eu desabei, foi um per\u00edodo de muitas l\u00e1grimas e questionamentos. Tudo come\u00e7ou com um desconforto na mama esquerda; os dias foram passando e meu mamilo come\u00e7ou a retrair para o lado. Em seguida, senti o n\u00f3dulo pelo autoexame e procurei um especialista, que confirmou a suspeita.\u201d, afirma Adriane Alves, de 38 anos, tamb\u00e9m fotografada na exposi\u00e7\u00e3o.<\/p>\n\n\n\n<p>Eventos que abordam a trajet\u00f3ria de mulheres em processo de tratamento, promovem a troca de experi\u00eancias e geram apoio m\u00fatuo, al\u00e9m de repassarem conhecimentos sobre a import\u00e2ncia da preven\u00e7\u00e3o e do autoconhecimento para descoberta precoce do c\u00e2ncer.<\/p>\n\n\n\n<p>Motivada pelo desejo de contribuir, com seu trabalho, para que mulheres possam descobrir a doen\u00e7a em fase inicial, Lou Bueno destaca o seu engajamento no projeto:<\/p>\n\n\n\n<p>\u201c\u00c9 essencial usar nossas experi\u00eancias pessoais para criar mudan\u00e7as positivas na sociedade e oferecer apoio \u00e0queles que enfrentam situa\u00e7\u00f5es semelhantes. Todos os envolvidos na organiza\u00e7\u00e3o desse evento, trabalharam voluntariamente. Acredito que a exposi\u00e7\u00e3o nos convida a sermos conscientes, solid\u00e1rios e complacentes em nossa jornada pela vida.\u201d, conclui.<\/p>\n\n\n\n<p>Na abertura do evento, al\u00e9m da exposi\u00e7\u00e3o, haver\u00e1 a apresenta\u00e7\u00f5es do Coral Melodia e da bailarina Prica Rizzo, palestra com a Dra. Carolina Cordeiro e a fala de autoridades. O trabalho segue para Curitiba e Guaratuba e contar\u00e1 com outras a\u00e7\u00f5es, como roda de mulheres, palestras e caminhada pela vida.<\/p>\n\n\n\n<p><strong>Servi\u00e7o:<\/strong><\/p>\n\n\n\n<p><strong>Abertura da exposi\u00e7\u00e3o<\/strong><\/p>\n\n\n\n<p>Data: 9 de outubro de 2023<\/p>\n\n\n\n<p>Hor\u00e1rio: a partir das 18h30<\/p>\n\n\n\n<p>Teatro Municipal Ernani Bettega \u2013 Rua XV de novembro, 1800 \u2013S\u00e3o Jos\u00e9 dos Pinhais-PR<\/p>\n\n\n\n<p>Exposi\u00e7\u00e3o fotogr\u00e1fica<\/p>\n\n\n\n<p>Data: 10 a 17 de outubro<\/p>\n\n\n\n<p>Hor\u00e1rio: 9h \u00e0s 21h<\/p>\n\n\n\n<p>Local: Associa\u00e7\u00e3o M\u00e9dica do Paran\u00e1 \u2013 Rua C\u00e2ndido Xavier, 575 \u2013 Curitiba-PR<\/p>\n\n\n\n<p>Exposi\u00e7\u00e3o fotogr\u00e1fica<\/p>\n\n\n\n<p>Datas: 18 e 19 de outubro<\/p>\n\n\n\n<p>Hor\u00e1rio: 10h \u00e0s 19h<\/p>\n\n\n\n<p>Local: Port\u00e3o Cultural \u2013 A. Rep\u00fablica Argentina, 3432 -Port\u00e3o, Curitiba-PR<\/p>\n\n\n\n<p>Evento Rosa pela vida \u2013 palestra com Lia Kshesek e roda de mulheres com Mariana Vaz.<\/p>\n\n\n\n<p>Data: 21 de outubro<\/p>\n\n\n\n<p>Hor\u00e1rio: 16h<\/p>\n\n\n\n<p>Local: PF Espa\u00e7o de Performance Art Etc -Rua Brigadeiro Franco, 2119 \u2013 Curitiba-Pr<\/p>\n\n\n\n<p>Exposi\u00e7\u00e3o Fotogr\u00e1fica<\/p>\n\n\n\n<p>Data: 23 a 27 de outubro<\/p>\n\n\n\n<p>Local: Unidade B\u00e1sica de Sa\u00fade de Guaratuba<\/p>\n\n\n\n<p>Exposi\u00e7\u00e3o fotogr\u00e1fica e caminhada<\/p>\n\n\n\n<p>Data: 27 de outubro<\/p>\n\n\n\n<p>Hor\u00e1rio: 17h<\/p>\n\n\n\n<p>Local: Sa\u00edda do Letreiro da Praia Central de Guaratuba e chegada na Pra\u00e7a dos Namorados \u2013 Guaratuba-PR<\/p>\n\n\n\n<p><strong>Todos os eventos s\u00e3o gratuitos.<\/strong><\/p>\n","protected":false},"excerpt":{"rendered":"<p>Trabalho art\u00edstico exp\u00f5e sensivelmente a trajet\u00f3ria, intimidade e os desafios de quem convive com a doen\u00e7a Retratos de mulheres que enfrentam o diagn\u00f3stico de c\u00e2ncer de mama fazem parte da exposi\u00e7\u00e3o \u201cRosa pela vida\u201d, que segue em temporada at\u00e9 27 de outubro. Idealizada pela fot\u00f3grafa Lou Bueno e produ\u00e7\u00e3o de Dryka Bueno, o trabalho \u00e9 [&hellip;]<\/p>\n","protected":false},"author":1,"featured_media":1359,"comment_status":"open","ping_status":"open","sticky":false,"template":"","format":"standard","meta":{"footnotes":""},"categories":[24,186],"tags":[358],"class_list":["post-1358","post","type-post","status-publish","format-standard","has-post-thumbnail","hentry","category-artes","category-eventos","tag-dryka-bueno"],"_links":{"self":[{"href":"https:\/\/diarioparanaense.com\/index.php?rest_route=\/wp\/v2\/posts\/1358","targetHints":{"allow":["GET"]}}],"collection":[{"href":"https:\/\/diarioparanaense.com\/index.php?rest_route=\/wp\/v2\/posts"}],"about":[{"href":"https:\/\/diarioparanaense.com\/index.php?rest_route=\/wp\/v2\/types\/post"}],"author":[{"embeddable":true,"href":"https:\/\/diarioparanaense.com\/index.php?rest_route=\/wp\/v2\/users\/1"}],"replies":[{"embeddable":true,"href":"https:\/\/diarioparanaense.com\/index.php?rest_route=%2Fwp%2Fv2%2Fcomments&post=1358"}],"version-history":[{"count":1,"href":"https:\/\/diarioparanaense.com\/index.php?rest_route=\/wp\/v2\/posts\/1358\/revisions"}],"predecessor-version":[{"id":1360,"href":"https:\/\/diarioparanaense.com\/index.php?rest_route=\/wp\/v2\/posts\/1358\/revisions\/1360"}],"wp:featuredmedia":[{"embeddable":true,"href":"https:\/\/diarioparanaense.com\/index.php?rest_route=\/wp\/v2\/media\/1359"}],"wp:attachment":[{"href":"https:\/\/diarioparanaense.com\/index.php?rest_route=%2Fwp%2Fv2%2Fmedia&parent=1358"}],"wp:term":[{"taxonomy":"category","embeddable":true,"href":"https:\/\/diarioparanaense.com\/index.php?rest_route=%2Fwp%2Fv2%2Fcategories&post=1358"},{"taxonomy":"post_tag","embeddable":true,"href":"https:\/\/diarioparanaense.com\/index.php?rest_route=%2Fwp%2Fv2%2Ftags&post=1358"}],"curies":[{"name":"wp","href":"https:\/\/api.w.org\/{rel}","templated":true}]}}