{"id":1354,"date":"2023-10-06T13:11:09","date_gmt":"2023-10-06T16:11:09","guid":{"rendered":"https:\/\/diarioparanaense.com\/?p=1354"},"modified":"2023-10-06T13:11:09","modified_gmt":"2023-10-06T16:11:09","slug":"celebrando-o-funk-tilia-se-une-a-dennis-em-novo-single-700-por-minuto","status":"publish","type":"post","link":"https:\/\/diarioparanaense.com\/?p=1354","title":{"rendered":"Celebrando o funk, T\u00edlia se une a Dennis em novo single &#8220;700 por Minuto&#8221;"},"content":{"rendered":"\n<blockquote class=\"wp-block-quote is-layout-flow wp-block-quote-is-layout-flow\">\n<p>Cantora enaltece o funk e a import\u00e2ncia do g\u00eanero para a cultura musical brasileira<\/p>\n<\/blockquote>\n\n\n\n<p>Nesta quinta-feira (05), T\u00edlia lan\u00e7ou &#8220;700 por Minuto&#8221;, um single que promete marcar um novo cap\u00edtulo em sua carreira. A faixa, que conta com a participa\u00e7\u00e3o de Dennis, n\u00e3o apenas celebra a ess\u00eancia do funk, que sempre foi parte integrante da trajet\u00f3ria musical da cantora, mas tamb\u00e9m abre os lan\u00e7amentos de seu novo \u00e1lbum em homenagem ao g\u00eanero.<\/p>\n\n\n\n<p>Embora T\u00edlia tenha experimentado outros estilos musicais na sua carreira, o funk sempre permaneceu enraizado em sua ess\u00eancia, desempenhando um papel fundamental na constru\u00e7\u00e3o de sua identidade art\u00edstica e se fazendo presente a todo tempo. Agora, neste novo projeto, a artista aposta integralmente no g\u00eanero que a<br>moldou, com o intuito de elevar ainda mais o ritmo e destacar sua influ\u00eancia no cen\u00e1rio musical brasileiro.<\/p>\n\n\n\n<p>&#8220;O funk \u00e9 a minha verdade, a minha ess\u00eancia, a batida me contagia bastante e n\u00e3o lembro de um dia da minha vida que ele n\u00e3o esteve ali, tocando em algum c\u00f4modo da casa, sendo falado e enaltecido. Quando estou triste, coloco um funk para me animar, se estou feliz, coloco funk para comemorar, e \u00e9 isso que eu quero que as pessoas fa\u00e7am com a minha m\u00fasica\u201d, revelou.<\/p>\n\n\n\n<p>Essa colabora\u00e7\u00e3o simboliza mais do que um momento de realiza\u00e7\u00e3o para T\u00edlia, traz consigo uma responsabilidade significativa. Dennis, al\u00e9m de ser um dos principais nomes que ajudou a elevar o cen\u00e1rio do funk com suas contribui\u00e7\u00f5es, \u00e9 tamb\u00e9m o pai da artista, e um dos respons\u00e1veis para que ela estivesse imersa nesse universo desde nova.<\/p>\n\n\n\n<p>\u201c\u00c9 uma grande responsabilidade estar ao lado do meu pai nesse primeiro single do meu \u00e1lbum de funk, que \u00e9 um projeto t\u00e3o importante pra minha carreira. Ele \u00e9 um artista consagrado, com uma trajet\u00f3ria incr\u00edvel e grandes contribui\u00e7\u00f5es para o g\u00eanero. Cresci vivendo e respirando funk, e agora, colocar no mundo um trabalho meu e do Dennis, parte de um projeto que eu acredito tanto e estou amando fazer, \u00e9 muito especial&#8221;, afirma.<\/p>\n\n\n\n<p>Para a cantora, esse lan\u00e7amento e o \u00e1lbum como um todo \u00e9 uma maneira de homenagear o g\u00eanero que a inspirou e, ao mesmo tempo, de mostrar sua pr\u00f3pria evolu\u00e7\u00e3o art\u00edstica e conex\u00e3o \u00fanica com o ritmo que tanto ama. &#8220;Sinto a responsabilidade de honrar este g\u00eanero musical t\u00e3o grandioso que faz parte da minha ess\u00eancia e da cultura brasileira. \u00c9 uma celebra\u00e7\u00e3o a quem ajudou a construir o caminho que o funk percorreu at\u00e9 aqui, \u00e0s batidas atemporais e a toda representatividade que ele carrega. Estou muito feliz e grata por ser parte da nova gera\u00e7\u00e3o que tem um legado para enaltecer e continuar levando longe\u201d,&nbsp;celebra.<\/p>\n","protected":false},"excerpt":{"rendered":"<p>Cantora enaltece o funk e a import\u00e2ncia do g\u00eanero para a cultura musical brasileira Nesta quinta-feira (05), T\u00edlia lan\u00e7ou &#8220;700 por Minuto&#8221;, um single que promete marcar um novo cap\u00edtulo em sua carreira. A faixa, que conta com a participa\u00e7\u00e3o de Dennis, n\u00e3o apenas celebra a ess\u00eancia do funk, que sempre foi parte integrante da [&hellip;]<\/p>\n","protected":false},"author":1,"featured_media":1355,"comment_status":"open","ping_status":"open","sticky":false,"template":"","format":"standard","meta":{"footnotes":""},"categories":[27],"tags":[357,356],"class_list":["post-1354","post","type-post","status-publish","format-standard","has-post-thumbnail","hentry","category-musica","tag-dennis","tag-tilia"],"_links":{"self":[{"href":"https:\/\/diarioparanaense.com\/index.php?rest_route=\/wp\/v2\/posts\/1354","targetHints":{"allow":["GET"]}}],"collection":[{"href":"https:\/\/diarioparanaense.com\/index.php?rest_route=\/wp\/v2\/posts"}],"about":[{"href":"https:\/\/diarioparanaense.com\/index.php?rest_route=\/wp\/v2\/types\/post"}],"author":[{"embeddable":true,"href":"https:\/\/diarioparanaense.com\/index.php?rest_route=\/wp\/v2\/users\/1"}],"replies":[{"embeddable":true,"href":"https:\/\/diarioparanaense.com\/index.php?rest_route=%2Fwp%2Fv2%2Fcomments&post=1354"}],"version-history":[{"count":1,"href":"https:\/\/diarioparanaense.com\/index.php?rest_route=\/wp\/v2\/posts\/1354\/revisions"}],"predecessor-version":[{"id":1356,"href":"https:\/\/diarioparanaense.com\/index.php?rest_route=\/wp\/v2\/posts\/1354\/revisions\/1356"}],"wp:featuredmedia":[{"embeddable":true,"href":"https:\/\/diarioparanaense.com\/index.php?rest_route=\/wp\/v2\/media\/1355"}],"wp:attachment":[{"href":"https:\/\/diarioparanaense.com\/index.php?rest_route=%2Fwp%2Fv2%2Fmedia&parent=1354"}],"wp:term":[{"taxonomy":"category","embeddable":true,"href":"https:\/\/diarioparanaense.com\/index.php?rest_route=%2Fwp%2Fv2%2Fcategories&post=1354"},{"taxonomy":"post_tag","embeddable":true,"href":"https:\/\/diarioparanaense.com\/index.php?rest_route=%2Fwp%2Fv2%2Ftags&post=1354"}],"curies":[{"name":"wp","href":"https:\/\/api.w.org\/{rel}","templated":true}]}}